{"id":23177,"date":"2022-08-09T18:04:40","date_gmt":"2022-08-09T18:04:40","guid":{"rendered":"https:\/\/www.elpolitologoyelpolitico.com.ar\/wordpress\/?p=23177"},"modified":"2022-08-09T18:11:41","modified_gmt":"2022-08-09T18:11:41","slug":"la-provincia-acompanara-la-construccion-de-una-residencia-para-estudiantes-del-curza","status":"publish","type":"post","link":"https:\/\/www.elpolitologoyelpolitico.com.ar\/wordpress\/2022\/08\/09\/la-provincia-acompanara-la-construccion-de-una-residencia-para-estudiantes-del-curza\/","title":{"rendered":"La Provincia acompa\u00f1ar\u00e1 la construcci\u00f3n de una residencia para estudiantes del CURZA"},"content":{"rendered":"\n<p>La Gobernadora Arabela Carreras se reuni\u00f3 hoy con la decana y a la vicedecana del Centro Universitario Regional Zona Atl\u00e1ntica (CURZA) de la Universidad Nacional del Comahue, Adriana Goicochea y Cecilia Camera, para avanzar en la construcci\u00f3n de una residencia estudiantil en Viedma.<\/p>\n\n\n\n<p>En este marco, delinearon la posibilidad de elevar un ante proyecto, para poner en marcha la construcci\u00f3n de una residencia estudiantil en la capital provincial, destinada fundamentalmente para aquellos provenientes de la Regi\u00f3n Sur de R\u00edo Negro.<\/p>\n\n\n\n<p>\u201cHay un d\u00e9ficit muy notable en el CURZA y una de las debilidades que impacta directamente sobre la poblaci\u00f3n estudiantil, son las Residencias que tenemos, el estado es deficiente, disponemos de un predio, as\u00ed que queremos ver la posibilidad de construir\u201d sostuvo Goicochea.<\/p>\n\n\n\n<p>\u201cHablamos de un CURZA inclusivo, la inclusi\u00f3n implica ingreso y permanencia, lo que requiere un sustento que excede exclusivamente lo acad\u00e9mico pedag\u00f3gico y este es un aspecto fundamental\u201d.<\/p>\n\n\n\n<p>\u201cEn principio el primer paso es la firma del convenio, que a su vez tiene otro aspecto que es la forestaci\u00f3n de loteos que est\u00e1 realizando el IPPV en distintos puntos de la provincia\u201d, agreg\u00f3.<\/p>\n\n\n\n<p>En tanto, Camera, remarc\u00f3 que \u201cesta propuesta es muy importante para los alumnos, sobre todos aquellos que provienen de la Regi\u00f3n Sur, que necesitan ser albergados ya que vienen a estudiar nuestras carreras\u201d.<\/p>\n\n\n\n<p>\u201cNo solo brindamos el apoyo en las residencias sino tambi\u00e9n en el comedor, y otros aspectos que hace a la comodidad de los estudiantes\u201d.<\/p>\n<div class=\"fb-background-color\">\n\t\t\t  <div \n\t\t\t  \tclass = \"fb-comments\" \n\t\t\t  \tdata-href = \"https:\/\/www.elpolitologoyelpolitico.com.ar\/wordpress\/2022\/08\/09\/la-provincia-acompanara-la-construccion-de-una-residencia-para-estudiantes-del-curza\/\"\n\t\t\t  \tdata-numposts = \"10\"\n\t\t\t  \tdata-lazy = \"true\"\n\t\t\t\tdata-colorscheme = \"light\"\n\t\t\t\tdata-order-by = \"social\"\n\t\t\t\tdata-mobile=true>\n\t\t\t  <\/div><\/div>\n\t\t  <style>\n\t\t    .fb-background-color {\n\t\t\t\tbackground: #ffffff !important;\n\t\t\t}\n\t\t\t.fb_iframe_widget_fluid_desktop iframe {\n\t\t\t    width: 100% !important;\n\t\t\t}\n\t\t  <\/style>\n\t\t  ","protected":false},"excerpt":{"rendered":"<p>La Gobernadora Arabela Carreras se reuni\u00f3 hoy con la decana y a la vicedecana del Centro Universitario Regional Zona Atl\u00e1ntica (CURZA) de la Universidad Nacional del Comahue, Adriana Goicochea y Cecilia Camera, para avanzar en la construcci\u00f3n de una residencia estudiantil en Viedma. En este marco, delinearon la posibilidad de elevar un ante proyecto, para [&hellip;]<\/p>\n","protected":false},"author":4,"featured_media":23178,"comment_status":"closed","ping_status":"closed","sticky":false,"template":"","format":"standard","meta":{"_joinchat":[],"footnotes":""},"categories":[1],"tags":[],"class_list":["post-23177","post","type-post","status-publish","format-standard","has-post-thumbnail","hentry","category-universitario"],"_links":{"self":[{"href":"https:\/\/www.elpolitologoyelpolitico.com.ar\/wordpress\/wp-json\/wp\/v2\/posts\/23177","targetHints":{"allow":["GET"]}}],"collection":[{"href":"https:\/\/www.elpolitologoyelpolitico.com.ar\/wordpress\/wp-json\/wp\/v2\/posts"}],"about":[{"href":"https:\/\/www.elpolitologoyelpolitico.com.ar\/wordpress\/wp-json\/wp\/v2\/types\/post"}],"author":[{"embeddable":true,"href":"https:\/\/www.elpolitologoyelpolitico.com.ar\/wordpress\/wp-json\/wp\/v2\/users\/4"}],"replies":[{"embeddable":true,"href":"https:\/\/www.elpolitologoyelpolitico.com.ar\/wordpress\/wp-json\/wp\/v2\/comments?post=23177"}],"version-history":[{"count":0,"href":"https:\/\/www.elpolitologoyelpolitico.com.ar\/wordpress\/wp-json\/wp\/v2\/posts\/23177\/revisions"}],"wp:featuredmedia":[{"embeddable":true,"href":"https:\/\/www.elpolitologoyelpolitico.com.ar\/wordpress\/wp-json\/wp\/v2\/media\/23178"}],"wp:attachment":[{"href":"https:\/\/www.elpolitologoyelpolitico.com.ar\/wordpress\/wp-json\/wp\/v2\/media?parent=23177"}],"wp:term":[{"taxonomy":"category","embeddable":true,"href":"https:\/\/www.elpolitologoyelpolitico.com.ar\/wordpress\/wp-json\/wp\/v2\/categories?post=23177"},{"taxonomy":"post_tag","embeddable":true,"href":"https:\/\/www.elpolitologoyelpolitico.com.ar\/wordpress\/wp-json\/wp\/v2\/tags?post=23177"}],"curies":[{"name":"wp","href":"https:\/\/api.w.org\/{rel}","templated":true}]}}