{"id":23165,"date":"2022-08-09T02:33:06","date_gmt":"2022-08-09T02:33:06","guid":{"rendered":"https:\/\/www.elpolitologoyelpolitico.com.ar\/wordpress\/?p=23165"},"modified":"2022-08-09T02:33:50","modified_gmt":"2022-08-09T02:33:50","slug":"patagones-convocan-a-elecciones-en-la-comision-de-fomento-de-bahia-san-blas-y-j-b-casas","status":"publish","type":"post","link":"https:\/\/www.elpolitologoyelpolitico.com.ar\/wordpress\/2022\/08\/09\/patagones-convocan-a-elecciones-en-la-comision-de-fomento-de-bahia-san-blas-y-j-b-casas\/","title":{"rendered":"Patagones: Convocan a elecciones en la Comisi\u00f3n de Fomento de Bah\u00eda San Blas y J. B. Casas"},"content":{"rendered":"\n<p>La Direcci\u00f3n de Gobierno, por medio del Decreto Municipal N\u00b01450\/22, convoca a elecciones para la renovaci\u00f3n de autoridades de la Comisi\u00f3n de Fomento de la localidad de Bah\u00eda San Blas y J. B. Casas.<\/p>\n\n\n\n<p>Las elecciones ser\u00e1n el 30 de octubre del corriente a\u00f1o en el horario de 10 a 13, en lugar a confirmar.<\/p>\n\n\n\n<p>Las presentaciones de las listas se har\u00e1n ante la Junta Electoral que funcionar\u00e1 en la Asesor\u00eda Legal de la Municipalidad de Patagones, con una antelaci\u00f3n no menor a veinte (20) d\u00edas a la fecha del comicio.<\/p>\n<div class=\"fb-background-color\">\n\t\t\t  <div \n\t\t\t  \tclass = \"fb-comments\" \n\t\t\t  \tdata-href = \"https:\/\/www.elpolitologoyelpolitico.com.ar\/wordpress\/2022\/08\/09\/patagones-convocan-a-elecciones-en-la-comision-de-fomento-de-bahia-san-blas-y-j-b-casas\/\"\n\t\t\t  \tdata-numposts = \"10\"\n\t\t\t  \tdata-lazy = \"true\"\n\t\t\t\tdata-colorscheme = \"light\"\n\t\t\t\tdata-order-by = \"social\"\n\t\t\t\tdata-mobile=true>\n\t\t\t  <\/div><\/div>\n\t\t  <style>\n\t\t    .fb-background-color {\n\t\t\t\tbackground: #ffffff !important;\n\t\t\t}\n\t\t\t.fb_iframe_widget_fluid_desktop iframe {\n\t\t\t    width: 100% !important;\n\t\t\t}\n\t\t  <\/style>\n\t\t  ","protected":false},"excerpt":{"rendered":"<p>La Direcci\u00f3n de Gobierno, por medio del Decreto Municipal N\u00b01450\/22, convoca a elecciones para la renovaci\u00f3n de autoridades de la Comisi\u00f3n de Fomento de la localidad de Bah\u00eda San Blas y J. B. Casas. Las elecciones ser\u00e1n el 30 de octubre del corriente a\u00f1o en el horario de 10 a 13, en lugar a confirmar. [&hellip;]<\/p>\n","protected":false},"author":4,"featured_media":23166,"comment_status":"closed","ping_status":"closed","sticky":false,"template":"","format":"standard","meta":{"_joinchat":[],"footnotes":""},"categories":[38],"tags":[],"class_list":["post-23165","post","type-post","status-publish","format-standard","has-post-thumbnail","hentry","category-elecciones"],"_links":{"self":[{"href":"https:\/\/www.elpolitologoyelpolitico.com.ar\/wordpress\/wp-json\/wp\/v2\/posts\/23165","targetHints":{"allow":["GET"]}}],"collection":[{"href":"https:\/\/www.elpolitologoyelpolitico.com.ar\/wordpress\/wp-json\/wp\/v2\/posts"}],"about":[{"href":"https:\/\/www.elpolitologoyelpolitico.com.ar\/wordpress\/wp-json\/wp\/v2\/types\/post"}],"author":[{"embeddable":true,"href":"https:\/\/www.elpolitologoyelpolitico.com.ar\/wordpress\/wp-json\/wp\/v2\/users\/4"}],"replies":[{"embeddable":true,"href":"https:\/\/www.elpolitologoyelpolitico.com.ar\/wordpress\/wp-json\/wp\/v2\/comments?post=23165"}],"version-history":[{"count":0,"href":"https:\/\/www.elpolitologoyelpolitico.com.ar\/wordpress\/wp-json\/wp\/v2\/posts\/23165\/revisions"}],"wp:featuredmedia":[{"embeddable":true,"href":"https:\/\/www.elpolitologoyelpolitico.com.ar\/wordpress\/wp-json\/wp\/v2\/media\/23166"}],"wp:attachment":[{"href":"https:\/\/www.elpolitologoyelpolitico.com.ar\/wordpress\/wp-json\/wp\/v2\/media?parent=23165"}],"wp:term":[{"taxonomy":"category","embeddable":true,"href":"https:\/\/www.elpolitologoyelpolitico.com.ar\/wordpress\/wp-json\/wp\/v2\/categories?post=23165"},{"taxonomy":"post_tag","embeddable":true,"href":"https:\/\/www.elpolitologoyelpolitico.com.ar\/wordpress\/wp-json\/wp\/v2\/tags?post=23165"}],"curies":[{"name":"wp","href":"https:\/\/api.w.org\/{rel}","templated":true}]}}