{"id":23161,"date":"2022-08-09T02:25:08","date_gmt":"2022-08-09T02:25:08","guid":{"rendered":"https:\/\/www.elpolitologoyelpolitico.com.ar\/wordpress\/?p=23161"},"modified":"2022-08-09T02:25:37","modified_gmt":"2022-08-09T02:25:37","slug":"pesatti-volvio-a-reclamar-la-rotonda-de-ingreso-a-viedma","status":"publish","type":"post","link":"https:\/\/www.elpolitologoyelpolitico.com.ar\/wordpress\/2022\/08\/09\/pesatti-volvio-a-reclamar-la-rotonda-de-ingreso-a-viedma\/","title":{"rendered":"Pesatti volvi\u00f3 a reclamar la rotonda de ingreso a Viedma"},"content":{"rendered":"\n<p>El intendente Pedro Pesatti volvi\u00f3 a reclamar a Vialidad Nacional la construcci\u00f3n de la rotonda de ingreso a Viedma en el encuentro de la Ruta Nacional N\u00b0 3 con el nacimiento de la Ruta Provincial N\u00b0 1.<\/p>\n\n\n\n<p>\u00abEs una obra que Vialidad Nacional le debe a Viedma hace d\u00e9cadas -indic\u00f3 el jefe comunal- y por supuesto que comprendemos las dificultades del presente, pero el tr\u00e1fico ha crecido much\u00edsimo y es una prioridad elocuente que no puede desconocer Vialidad porque es un cruce muy peligroso.\u00bb<\/p>\n\n\n\n<p>El intendente de Viedma agreg\u00f3 que \u00abs\u00f3lo Vialidad Nacional tiene jurisdicci\u00f3n y competencias para realizar la obra\u00bb y propuso que \u00absi no puede hacerla que la delegue en Vialidad Rionegrina, pero que se haga lo m\u00e1s pronto posible\u00bb.<\/p>\n\n\n\n<p>Es la cuarta vez, desde que ejerce su mandato, que el intendente Pedro Pesatti le formaliz\u00f3 este pedido al presidente del organismo nacional.<\/p>\n<div class=\"fb-background-color\">\n\t\t\t  <div \n\t\t\t  \tclass = \"fb-comments\" \n\t\t\t  \tdata-href = \"https:\/\/www.elpolitologoyelpolitico.com.ar\/wordpress\/2022\/08\/09\/pesatti-volvio-a-reclamar-la-rotonda-de-ingreso-a-viedma\/\"\n\t\t\t  \tdata-numposts = \"10\"\n\t\t\t  \tdata-lazy = \"true\"\n\t\t\t\tdata-colorscheme = \"light\"\n\t\t\t\tdata-order-by = \"social\"\n\t\t\t\tdata-mobile=true>\n\t\t\t  <\/div><\/div>\n\t\t  <style>\n\t\t    .fb-background-color {\n\t\t\t\tbackground: #ffffff !important;\n\t\t\t}\n\t\t\t.fb_iframe_widget_fluid_desktop iframe {\n\t\t\t    width: 100% !important;\n\t\t\t}\n\t\t  <\/style>\n\t\t  ","protected":false},"excerpt":{"rendered":"<p>El intendente Pedro Pesatti volvi\u00f3 a reclamar a Vialidad Nacional la construcci\u00f3n de la rotonda de ingreso a Viedma en el encuentro de la Ruta Nacional N\u00b0 3 con el nacimiento de la Ruta Provincial N\u00b0 1. \u00abEs una obra que Vialidad Nacional le debe a Viedma hace d\u00e9cadas -indic\u00f3 el jefe comunal- y por [&hellip;]<\/p>\n","protected":false},"author":4,"featured_media":23162,"comment_status":"closed","ping_status":"closed","sticky":false,"template":"","format":"standard","meta":{"_joinchat":[],"footnotes":""},"categories":[4],"tags":[],"class_list":["post-23161","post","type-post","status-publish","format-standard","has-post-thumbnail","hentry","category-politicas-publicas"],"_links":{"self":[{"href":"https:\/\/www.elpolitologoyelpolitico.com.ar\/wordpress\/wp-json\/wp\/v2\/posts\/23161","targetHints":{"allow":["GET"]}}],"collection":[{"href":"https:\/\/www.elpolitologoyelpolitico.com.ar\/wordpress\/wp-json\/wp\/v2\/posts"}],"about":[{"href":"https:\/\/www.elpolitologoyelpolitico.com.ar\/wordpress\/wp-json\/wp\/v2\/types\/post"}],"author":[{"embeddable":true,"href":"https:\/\/www.elpolitologoyelpolitico.com.ar\/wordpress\/wp-json\/wp\/v2\/users\/4"}],"replies":[{"embeddable":true,"href":"https:\/\/www.elpolitologoyelpolitico.com.ar\/wordpress\/wp-json\/wp\/v2\/comments?post=23161"}],"version-history":[{"count":0,"href":"https:\/\/www.elpolitologoyelpolitico.com.ar\/wordpress\/wp-json\/wp\/v2\/posts\/23161\/revisions"}],"wp:featuredmedia":[{"embeddable":true,"href":"https:\/\/www.elpolitologoyelpolitico.com.ar\/wordpress\/wp-json\/wp\/v2\/media\/23162"}],"wp:attachment":[{"href":"https:\/\/www.elpolitologoyelpolitico.com.ar\/wordpress\/wp-json\/wp\/v2\/media?parent=23161"}],"wp:term":[{"taxonomy":"category","embeddable":true,"href":"https:\/\/www.elpolitologoyelpolitico.com.ar\/wordpress\/wp-json\/wp\/v2\/categories?post=23161"},{"taxonomy":"post_tag","embeddable":true,"href":"https:\/\/www.elpolitologoyelpolitico.com.ar\/wordpress\/wp-json\/wp\/v2\/tags?post=23161"}],"curies":[{"name":"wp","href":"https:\/\/api.w.org\/{rel}","templated":true}]}}