{"id":23141,"date":"2022-08-08T19:31:25","date_gmt":"2022-08-08T19:31:25","guid":{"rendered":"https:\/\/www.elpolitologoyelpolitico.com.ar\/wordpress\/?p=23141"},"modified":"2022-08-08T19:32:05","modified_gmt":"2022-08-08T19:32:05","slug":"elecciones-en-el-barrio-el-progreso-gano-la-lista-1","status":"publish","type":"post","link":"https:\/\/www.elpolitologoyelpolitico.com.ar\/wordpress\/2022\/08\/08\/elecciones-en-el-barrio-el-progreso-gano-la-lista-1\/","title":{"rendered":"Elecciones en el barrio El Progreso: Gan\u00f3 la lista 1"},"content":{"rendered":"\n<p>La Direcci\u00f3n de Gobierno informa que se concret\u00f3 este domingo, 7 de agosto, la elecci\u00f3n para la renovaci\u00f3n de autoridades de la Comisi\u00f3n de Fomento del barrio El Progreso.&nbsp;<\/p>\n\n\n\n<p>Los comicios se llevaron a cabo en el Polideportivo Municipal, entre las 10 y las 13 horas.&nbsp;<\/p>\n\n\n\n<p>Participaron las listas; 1, color verde, blanco y azul, encabezada por Francisca Esther Sandoval y la 22, color celeste, encabezada por Karen Yanet Aguilera.<\/p>\n\n\n\n<p>La lista ganadora fue la que lleva como presidente a Francisca Sandoval.<\/p>\n<div class=\"fb-background-color\">\n\t\t\t  <div \n\t\t\t  \tclass = \"fb-comments\" \n\t\t\t  \tdata-href = \"https:\/\/www.elpolitologoyelpolitico.com.ar\/wordpress\/2022\/08\/08\/elecciones-en-el-barrio-el-progreso-gano-la-lista-1\/\"\n\t\t\t  \tdata-numposts = \"10\"\n\t\t\t  \tdata-lazy = \"true\"\n\t\t\t\tdata-colorscheme = \"light\"\n\t\t\t\tdata-order-by = \"social\"\n\t\t\t\tdata-mobile=true>\n\t\t\t  <\/div><\/div>\n\t\t  <style>\n\t\t    .fb-background-color {\n\t\t\t\tbackground: #ffffff !important;\n\t\t\t}\n\t\t\t.fb_iframe_widget_fluid_desktop iframe {\n\t\t\t    width: 100% !important;\n\t\t\t}\n\t\t  <\/style>\n\t\t  ","protected":false},"excerpt":{"rendered":"<p>La Direcci\u00f3n de Gobierno informa que se concret\u00f3 este domingo, 7 de agosto, la elecci\u00f3n para la renovaci\u00f3n de autoridades de la Comisi\u00f3n de Fomento del barrio El Progreso.&nbsp; Los comicios se llevaron a cabo en el Polideportivo Municipal, entre las 10 y las 13 horas.&nbsp; Participaron las listas; 1, color verde, blanco y azul, [&hellip;]<\/p>\n","protected":false},"author":4,"featured_media":0,"comment_status":"closed","ping_status":"closed","sticky":false,"template":"","format":"standard","meta":{"_joinchat":[],"footnotes":""},"categories":[38],"tags":[],"class_list":["post-23141","post","type-post","status-publish","format-standard","hentry","category-elecciones"],"_links":{"self":[{"href":"https:\/\/www.elpolitologoyelpolitico.com.ar\/wordpress\/wp-json\/wp\/v2\/posts\/23141","targetHints":{"allow":["GET"]}}],"collection":[{"href":"https:\/\/www.elpolitologoyelpolitico.com.ar\/wordpress\/wp-json\/wp\/v2\/posts"}],"about":[{"href":"https:\/\/www.elpolitologoyelpolitico.com.ar\/wordpress\/wp-json\/wp\/v2\/types\/post"}],"author":[{"embeddable":true,"href":"https:\/\/www.elpolitologoyelpolitico.com.ar\/wordpress\/wp-json\/wp\/v2\/users\/4"}],"replies":[{"embeddable":true,"href":"https:\/\/www.elpolitologoyelpolitico.com.ar\/wordpress\/wp-json\/wp\/v2\/comments?post=23141"}],"version-history":[{"count":0,"href":"https:\/\/www.elpolitologoyelpolitico.com.ar\/wordpress\/wp-json\/wp\/v2\/posts\/23141\/revisions"}],"wp:attachment":[{"href":"https:\/\/www.elpolitologoyelpolitico.com.ar\/wordpress\/wp-json\/wp\/v2\/media?parent=23141"}],"wp:term":[{"taxonomy":"category","embeddable":true,"href":"https:\/\/www.elpolitologoyelpolitico.com.ar\/wordpress\/wp-json\/wp\/v2\/categories?post=23141"},{"taxonomy":"post_tag","embeddable":true,"href":"https:\/\/www.elpolitologoyelpolitico.com.ar\/wordpress\/wp-json\/wp\/v2\/tags?post=23141"}],"curies":[{"name":"wp","href":"https:\/\/api.w.org\/{rel}","templated":true}]}}