{"id":23116,"date":"2022-08-07T01:37:05","date_gmt":"2022-08-07T01:37:05","guid":{"rendered":"https:\/\/www.elpolitologoyelpolitico.com.ar\/wordpress\/?p=23116"},"modified":"2022-08-07T01:37:49","modified_gmt":"2022-08-07T01:37:49","slug":"operativo-de-limpieza-barrial-el-intendente-zara-superviso-los-trabajos-en-la-calle-yanquetruz","status":"publish","type":"post","link":"https:\/\/www.elpolitologoyelpolitico.com.ar\/wordpress\/2022\/08\/07\/operativo-de-limpieza-barrial-el-intendente-zara-superviso-los-trabajos-en-la-calle-yanquetruz\/","title":{"rendered":"Operativo de limpieza barrial: El Intendente Zara supervis\u00f3 los trabajos en la calle Yanquetruz"},"content":{"rendered":"\n<p>En el marco del Operativo de limpieza que inici\u00f3 esta semana en los barrios Luj\u00e1n, 89 viviendas, Patagonia e Islas Malvinas, el Intendente Zara supervis\u00f3 los trabajos que ayer, al inicio del cronograma, se realizaron en la calle Yanquetruz.&nbsp;<\/p>\n\n\n\n<p>En la ocasi\u00f3n, el jefe comunal dialog\u00f3 con los trabajadores municipales que llevan adelante el operativo, a trav\u00e9s de la Subsecretar\u00eda de Servicios Urbanos.&nbsp;<\/p>\n\n\n\n<p>Cabe se\u00f1alar que el servicio en el sector se prestar\u00e1 hasta el 20 de agosto, es gratuito y tiene como objetivo despejar las veredas de los residuos voluminosos (no domiciliarios).&nbsp;<\/p>\n\n\n\n<p>En ese marco, se solicita la colaboraci\u00f3n de las familias en cuanto a respetar el cronograma establecido y retirar sus residuos no convencionales durante el mes que corresponde. Entre los residuos que podr\u00e1n depositar en la calle, mientras dure el operativo, se encuentran; madera, hierro, chapa y escombros, que posteriormente ser\u00e1n recolectados por los operarios del \u00e1rea.<\/p>\n\n\n\n<figure class=\"wp-block-gallery has-nested-images columns-default is-cropped wp-block-gallery-1 is-layout-flex wp-block-gallery-is-layout-flex\">\n<figure class=\"wp-block-image size-large\"><img fetchpriority=\"high\" decoding=\"async\" width=\"720\" height=\"324\" data-id=\"23119\" src=\"https:\/\/www.elpolitologoyelpolitico.com.ar\/wp-content\/uploads\/2022\/08\/IMG-20220806-WA0016.jpg\" alt=\"\" class=\"wp-image-23119\" srcset=\"https:\/\/www.elpolitologoyelpolitico.com.ar\/wp-content\/uploads\/2022\/08\/IMG-20220806-WA0016.jpg 720w, https:\/\/www.elpolitologoyelpolitico.com.ar\/wp-content\/uploads\/2022\/08\/IMG-20220806-WA0016-300x135.jpg 300w\" sizes=\"(max-width: 720px) 100vw, 720px\" \/><\/figure>\n\n\n\n<figure class=\"wp-block-image size-large\"><img decoding=\"async\" width=\"720\" height=\"324\" data-id=\"23118\" src=\"https:\/\/www.elpolitologoyelpolitico.com.ar\/wp-content\/uploads\/2022\/08\/IMG-20220806-WA0017.jpg\" alt=\"\" class=\"wp-image-23118\" srcset=\"https:\/\/www.elpolitologoyelpolitico.com.ar\/wp-content\/uploads\/2022\/08\/IMG-20220806-WA0017.jpg 720w, https:\/\/www.elpolitologoyelpolitico.com.ar\/wp-content\/uploads\/2022\/08\/IMG-20220806-WA0017-300x135.jpg 300w\" sizes=\"(max-width: 720px) 100vw, 720px\" \/><\/figure>\n\n\n\n<figure class=\"wp-block-image size-large\"><img decoding=\"async\" width=\"720\" height=\"324\" data-id=\"23120\" src=\"https:\/\/www.elpolitologoyelpolitico.com.ar\/wp-content\/uploads\/2022\/08\/IMG-20220806-WA0018.jpg\" alt=\"\" class=\"wp-image-23120\" srcset=\"https:\/\/www.elpolitologoyelpolitico.com.ar\/wp-content\/uploads\/2022\/08\/IMG-20220806-WA0018.jpg 720w, https:\/\/www.elpolitologoyelpolitico.com.ar\/wp-content\/uploads\/2022\/08\/IMG-20220806-WA0018-300x135.jpg 300w\" sizes=\"(max-width: 720px) 100vw, 720px\" \/><\/figure>\n<\/figure>\n<div class=\"fb-background-color\">\n\t\t\t  <div \n\t\t\t  \tclass = \"fb-comments\" \n\t\t\t  \tdata-href = \"https:\/\/www.elpolitologoyelpolitico.com.ar\/wordpress\/2022\/08\/07\/operativo-de-limpieza-barrial-el-intendente-zara-superviso-los-trabajos-en-la-calle-yanquetruz\/\"\n\t\t\t  \tdata-numposts = \"10\"\n\t\t\t  \tdata-lazy = \"true\"\n\t\t\t\tdata-colorscheme = \"light\"\n\t\t\t\tdata-order-by = \"social\"\n\t\t\t\tdata-mobile=true>\n\t\t\t  <\/div><\/div>\n\t\t  <style>\n\t\t    .fb-background-color {\n\t\t\t\tbackground: #ffffff !important;\n\t\t\t}\n\t\t\t.fb_iframe_widget_fluid_desktop iframe {\n\t\t\t    width: 100% !important;\n\t\t\t}\n\t\t  <\/style>\n\t\t  ","protected":false},"excerpt":{"rendered":"<p>En el marco del Operativo de limpieza que inici\u00f3 esta semana en los barrios Luj\u00e1n, 89 viviendas, Patagonia e Islas Malvinas, el Intendente Zara supervis\u00f3 los trabajos que ayer, al inicio del cronograma, se realizaron en la calle Yanquetruz.&nbsp; En la ocasi\u00f3n, el jefe comunal dialog\u00f3 con los trabajadores municipales que llevan adelante el operativo, [&hellip;]<\/p>\n","protected":false},"author":4,"featured_media":23117,"comment_status":"closed","ping_status":"closed","sticky":false,"template":"","format":"standard","meta":{"_joinchat":[],"footnotes":""},"categories":[4],"tags":[],"class_list":["post-23116","post","type-post","status-publish","format-standard","has-post-thumbnail","hentry","category-politicas-publicas"],"_links":{"self":[{"href":"https:\/\/www.elpolitologoyelpolitico.com.ar\/wordpress\/wp-json\/wp\/v2\/posts\/23116","targetHints":{"allow":["GET"]}}],"collection":[{"href":"https:\/\/www.elpolitologoyelpolitico.com.ar\/wordpress\/wp-json\/wp\/v2\/posts"}],"about":[{"href":"https:\/\/www.elpolitologoyelpolitico.com.ar\/wordpress\/wp-json\/wp\/v2\/types\/post"}],"author":[{"embeddable":true,"href":"https:\/\/www.elpolitologoyelpolitico.com.ar\/wordpress\/wp-json\/wp\/v2\/users\/4"}],"replies":[{"embeddable":true,"href":"https:\/\/www.elpolitologoyelpolitico.com.ar\/wordpress\/wp-json\/wp\/v2\/comments?post=23116"}],"version-history":[{"count":0,"href":"https:\/\/www.elpolitologoyelpolitico.com.ar\/wordpress\/wp-json\/wp\/v2\/posts\/23116\/revisions"}],"wp:featuredmedia":[{"embeddable":true,"href":"https:\/\/www.elpolitologoyelpolitico.com.ar\/wordpress\/wp-json\/wp\/v2\/media\/23117"}],"wp:attachment":[{"href":"https:\/\/www.elpolitologoyelpolitico.com.ar\/wordpress\/wp-json\/wp\/v2\/media?parent=23116"}],"wp:term":[{"taxonomy":"category","embeddable":true,"href":"https:\/\/www.elpolitologoyelpolitico.com.ar\/wordpress\/wp-json\/wp\/v2\/categories?post=23116"},{"taxonomy":"post_tag","embeddable":true,"href":"https:\/\/www.elpolitologoyelpolitico.com.ar\/wordpress\/wp-json\/wp\/v2\/tags?post=23116"}],"curies":[{"name":"wp","href":"https:\/\/api.w.org\/{rel}","templated":true}]}}