{"id":23103,"date":"2022-08-07T00:26:31","date_gmt":"2022-08-07T00:26:31","guid":{"rendered":"https:\/\/www.elpolitologoyelpolitico.com.ar\/wordpress\/?p=23103"},"modified":"2022-08-07T00:27:00","modified_gmt":"2022-08-07T00:27:00","slug":"el-girsu-envio-mas-material-para-reciclar","status":"publish","type":"post","link":"https:\/\/www.elpolitologoyelpolitico.com.ar\/wordpress\/2022\/08\/07\/el-girsu-envio-mas-material-para-reciclar\/","title":{"rendered":"El GIRSU env\u00edo mas material para reciclar"},"content":{"rendered":"\n<p>Este jueves parti\u00f3 un nuevo env\u00edo de material para reciclarse desde El Centro Ambiental Patag\u00f3nico GIRSU, con destino a Coronel Su\u00e1rez, provincia de Buenos Aires.&nbsp;<\/p>\n\n\n\n<p>En total se enviaron 28.000 kilos de cart\u00f3n, aportando materia prima para la industria.&nbsp;<\/p>\n\n\n\n<p>De esta manera, se contin\u00faa consolidando la econom\u00eda circular, con menos residuos enterrados, menos extracci\u00f3n de materia prima del planeta y generando m\u00e1s puestos de trabajo genuino para m\u00e1s familias de Viedma y Patagones.<\/p>\n\n\n\n<figure class=\"wp-block-image size-full\"><img fetchpriority=\"high\" decoding=\"async\" width=\"720\" height=\"760\" src=\"https:\/\/www.elpolitologoyelpolitico.com.ar\/wp-content\/uploads\/2022\/08\/IMG-20220806-WA0008.jpg\" alt=\"\" class=\"wp-image-23105\" srcset=\"https:\/\/www.elpolitologoyelpolitico.com.ar\/wp-content\/uploads\/2022\/08\/IMG-20220806-WA0008.jpg 720w, https:\/\/www.elpolitologoyelpolitico.com.ar\/wp-content\/uploads\/2022\/08\/IMG-20220806-WA0008-284x300.jpg 284w\" sizes=\"(max-width: 720px) 100vw, 720px\" \/><\/figure>\n<div class=\"fb-background-color\">\n\t\t\t  <div \n\t\t\t  \tclass = \"fb-comments\" \n\t\t\t  \tdata-href = \"https:\/\/www.elpolitologoyelpolitico.com.ar\/wordpress\/2022\/08\/07\/el-girsu-envio-mas-material-para-reciclar\/\"\n\t\t\t  \tdata-numposts = \"10\"\n\t\t\t  \tdata-lazy = \"true\"\n\t\t\t\tdata-colorscheme = \"light\"\n\t\t\t\tdata-order-by = \"social\"\n\t\t\t\tdata-mobile=true>\n\t\t\t  <\/div><\/div>\n\t\t  <style>\n\t\t    .fb-background-color {\n\t\t\t\tbackground: #ffffff !important;\n\t\t\t}\n\t\t\t.fb_iframe_widget_fluid_desktop iframe {\n\t\t\t    width: 100% !important;\n\t\t\t}\n\t\t  <\/style>\n\t\t  ","protected":false},"excerpt":{"rendered":"<p>Este jueves parti\u00f3 un nuevo env\u00edo de material para reciclarse desde El Centro Ambiental Patag\u00f3nico GIRSU, con destino a Coronel Su\u00e1rez, provincia de Buenos Aires.&nbsp; En total se enviaron 28.000 kilos de cart\u00f3n, aportando materia prima para la industria.&nbsp; De esta manera, se contin\u00faa consolidando la econom\u00eda circular, con menos residuos enterrados, menos extracci\u00f3n de [&hellip;]<\/p>\n","protected":false},"author":4,"featured_media":23104,"comment_status":"closed","ping_status":"closed","sticky":false,"template":"","format":"standard","meta":{"_joinchat":[],"footnotes":""},"categories":[4],"tags":[],"class_list":["post-23103","post","type-post","status-publish","format-standard","has-post-thumbnail","hentry","category-politicas-publicas"],"_links":{"self":[{"href":"https:\/\/www.elpolitologoyelpolitico.com.ar\/wordpress\/wp-json\/wp\/v2\/posts\/23103","targetHints":{"allow":["GET"]}}],"collection":[{"href":"https:\/\/www.elpolitologoyelpolitico.com.ar\/wordpress\/wp-json\/wp\/v2\/posts"}],"about":[{"href":"https:\/\/www.elpolitologoyelpolitico.com.ar\/wordpress\/wp-json\/wp\/v2\/types\/post"}],"author":[{"embeddable":true,"href":"https:\/\/www.elpolitologoyelpolitico.com.ar\/wordpress\/wp-json\/wp\/v2\/users\/4"}],"replies":[{"embeddable":true,"href":"https:\/\/www.elpolitologoyelpolitico.com.ar\/wordpress\/wp-json\/wp\/v2\/comments?post=23103"}],"version-history":[{"count":0,"href":"https:\/\/www.elpolitologoyelpolitico.com.ar\/wordpress\/wp-json\/wp\/v2\/posts\/23103\/revisions"}],"wp:featuredmedia":[{"embeddable":true,"href":"https:\/\/www.elpolitologoyelpolitico.com.ar\/wordpress\/wp-json\/wp\/v2\/media\/23104"}],"wp:attachment":[{"href":"https:\/\/www.elpolitologoyelpolitico.com.ar\/wordpress\/wp-json\/wp\/v2\/media?parent=23103"}],"wp:term":[{"taxonomy":"category","embeddable":true,"href":"https:\/\/www.elpolitologoyelpolitico.com.ar\/wordpress\/wp-json\/wp\/v2\/categories?post=23103"},{"taxonomy":"post_tag","embeddable":true,"href":"https:\/\/www.elpolitologoyelpolitico.com.ar\/wordpress\/wp-json\/wp\/v2\/tags?post=23103"}],"curies":[{"name":"wp","href":"https:\/\/api.w.org\/{rel}","templated":true}]}}