{"id":23094,"date":"2022-08-06T21:50:03","date_gmt":"2022-08-06T21:50:03","guid":{"rendered":"https:\/\/www.elpolitologoyelpolitico.com.ar\/wordpress\/?p=23094"},"modified":"2022-08-06T21:51:26","modified_gmt":"2022-08-06T21:51:26","slug":"el-municipio-asistio-a-vecinos-que-sufrieron-el-incendio-de-su-vivienda","status":"publish","type":"post","link":"https:\/\/www.elpolitologoyelpolitico.com.ar\/wordpress\/2022\/08\/06\/el-municipio-asistio-a-vecinos-que-sufrieron-el-incendio-de-su-vivienda\/","title":{"rendered":"El Municipio asisti\u00f3 a vecinos que sufrieron el incendio de su vivienda"},"content":{"rendered":"\n<p>El gobierno de Viedma asisti\u00f3 a la familia que sufri\u00f3 el incendio de su vivienda, ubicado en la calle 19, entre 10 y 4, del barrio Lavalle. El municipio cuenta con un dispositivo de atenci\u00f3n espec\u00edfico para atender estas situaciones. Desde el ejecutivo viedmense proveer\u00e1n materiales para la reconstrucci\u00f3n del inmueble.<\/p>\n\n\n\n<p>\u00abDesde la tarde de ayer, ni bien supimos del hecho, nos acercamos con elementos, materiales y la asistencia humanitaria m\u00e1s urgente\u00bb, inform\u00f3 Mario S\u00e1nchez, secretario de Desarrollo e Integraci\u00f3n Social.<\/p>\n\n\n\n<p>\u00abM\u00e1s all\u00e1 de la asistencia solidaria que puedan acercar vecinas y vecinos, el estado municipal siempre se hace presente en estas circunstancias tan dolorosas, y hemos establecido un dispositivo espec\u00edfico para atenderlas desde el \u00e1rea de Desarrollo Comunitario\u00bb, agreg\u00f3 S\u00e1nchez.<\/p>\n\n\n\n<p>El funcionario detall\u00f3: \u00abcada vez que surge un incendio que afecta la vivienda de las personas, recibimos el alerta temprana desde el departamento de bomberos, al instante, y eso nos posibilita actuar r\u00e1pidamente para paliar las necesidades m\u00e1s urgentes\u00bb.<\/p>\n\n\n\n<p>\u00abLa experiencia, y el desarrollo de programas que pueden atender complementariamente estas circunstancias, nos han dado la gimnasia necesaria para actuar r\u00e1pidamente\u00bb, agreg\u00f3 S\u00e1nchez.<\/p>\n\n\n\n<p>En cuanto a la asistencia brindada, la subsecretaria de Desarrollo Comunitario, Cristina Cocha, indic\u00f3 que \u00abya se provey\u00f3 a la familia de tres colchones con frazadas y m\u00f3dulos alimentarios\u00bb y anticip\u00f3 que adem\u00e1s el municipio entregar\u00e1 en los pr\u00f3ximos d\u00edas \u00abseis chapas, 12 tirantes, membrana de espuma para techo, cemento, una puerta placa y una ventana corrediza\u00bb, para la reconstrucci\u00f3n del inmueble.<\/p>\n<div class=\"fb-background-color\">\n\t\t\t  <div \n\t\t\t  \tclass = \"fb-comments\" \n\t\t\t  \tdata-href = \"https:\/\/www.elpolitologoyelpolitico.com.ar\/wordpress\/2022\/08\/06\/el-municipio-asistio-a-vecinos-que-sufrieron-el-incendio-de-su-vivienda\/\"\n\t\t\t  \tdata-numposts = \"10\"\n\t\t\t  \tdata-lazy = \"true\"\n\t\t\t\tdata-colorscheme = \"light\"\n\t\t\t\tdata-order-by = \"social\"\n\t\t\t\tdata-mobile=true>\n\t\t\t  <\/div><\/div>\n\t\t  <style>\n\t\t    .fb-background-color {\n\t\t\t\tbackground: #ffffff !important;\n\t\t\t}\n\t\t\t.fb_iframe_widget_fluid_desktop iframe {\n\t\t\t    width: 100% !important;\n\t\t\t}\n\t\t  <\/style>\n\t\t  ","protected":false},"excerpt":{"rendered":"<p>El gobierno de Viedma asisti\u00f3 a la familia que sufri\u00f3 el incendio de su vivienda, ubicado en la calle 19, entre 10 y 4, del barrio Lavalle. El municipio cuenta con un dispositivo de atenci\u00f3n espec\u00edfico para atender estas situaciones. Desde el ejecutivo viedmense proveer\u00e1n materiales para la reconstrucci\u00f3n del inmueble. \u00abDesde la tarde de [&hellip;]<\/p>\n","protected":false},"author":4,"featured_media":23095,"comment_status":"closed","ping_status":"closed","sticky":false,"template":"","format":"standard","meta":{"_joinchat":[],"footnotes":""},"categories":[4],"tags":[],"class_list":["post-23094","post","type-post","status-publish","format-standard","has-post-thumbnail","hentry","category-politicas-publicas"],"_links":{"self":[{"href":"https:\/\/www.elpolitologoyelpolitico.com.ar\/wordpress\/wp-json\/wp\/v2\/posts\/23094","targetHints":{"allow":["GET"]}}],"collection":[{"href":"https:\/\/www.elpolitologoyelpolitico.com.ar\/wordpress\/wp-json\/wp\/v2\/posts"}],"about":[{"href":"https:\/\/www.elpolitologoyelpolitico.com.ar\/wordpress\/wp-json\/wp\/v2\/types\/post"}],"author":[{"embeddable":true,"href":"https:\/\/www.elpolitologoyelpolitico.com.ar\/wordpress\/wp-json\/wp\/v2\/users\/4"}],"replies":[{"embeddable":true,"href":"https:\/\/www.elpolitologoyelpolitico.com.ar\/wordpress\/wp-json\/wp\/v2\/comments?post=23094"}],"version-history":[{"count":0,"href":"https:\/\/www.elpolitologoyelpolitico.com.ar\/wordpress\/wp-json\/wp\/v2\/posts\/23094\/revisions"}],"wp:featuredmedia":[{"embeddable":true,"href":"https:\/\/www.elpolitologoyelpolitico.com.ar\/wordpress\/wp-json\/wp\/v2\/media\/23095"}],"wp:attachment":[{"href":"https:\/\/www.elpolitologoyelpolitico.com.ar\/wordpress\/wp-json\/wp\/v2\/media?parent=23094"}],"wp:term":[{"taxonomy":"category","embeddable":true,"href":"https:\/\/www.elpolitologoyelpolitico.com.ar\/wordpress\/wp-json\/wp\/v2\/categories?post=23094"},{"taxonomy":"post_tag","embeddable":true,"href":"https:\/\/www.elpolitologoyelpolitico.com.ar\/wordpress\/wp-json\/wp\/v2\/tags?post=23094"}],"curies":[{"name":"wp","href":"https:\/\/api.w.org\/{rel}","templated":true}]}}