{"id":23059,"date":"2022-08-05T17:39:51","date_gmt":"2022-08-05T17:39:51","guid":{"rendered":"https:\/\/www.elpolitologoyelpolitico.com.ar\/wordpress\/?p=23059"},"modified":"2022-08-05T17:40:50","modified_gmt":"2022-08-05T17:40:50","slug":"el-proximo-domingo-habra-elecciones-en-el-barrio-el-progreso","status":"publish","type":"post","link":"https:\/\/www.elpolitologoyelpolitico.com.ar\/wordpress\/2022\/08\/05\/el-proximo-domingo-habra-elecciones-en-el-barrio-el-progreso\/","title":{"rendered":"El pr\u00f3ximo domingo habr\u00e1 elecciones en el barrio El Progreso"},"content":{"rendered":"\n<p>La Direcci\u00f3n de Gobierno informa que el pr\u00f3ximo domingo, 7 de agosto, se realizar\u00e1n las elecciones para la renovaci\u00f3n de autoridades de la Comisi\u00f3n de Fomento del barrio El Progreso.&nbsp;<\/p>\n\n\n\n<p>Los comicios tendr\u00e1n lugar en el Polideportivo Municipal, ubicado en la calle Celedonio Miguel 593, en el horario de 10 a 13 \u2013 ingreso por la puerta principal-.&nbsp;<\/p>\n\n\n\n<p>Las listas que participan son:&nbsp;<\/p>\n\n\n\n<p>-LISTA 1, color verde, blanco y azul, encabezada por Francisca Esther Sandoval<\/p>\n\n\n\n<p>-LISTA 2, color celeste, encabezada por Karen Yanet Aguilera.<\/p>\n<div class=\"fb-background-color\">\n\t\t\t  <div \n\t\t\t  \tclass = \"fb-comments\" \n\t\t\t  \tdata-href = \"https:\/\/www.elpolitologoyelpolitico.com.ar\/wordpress\/2022\/08\/05\/el-proximo-domingo-habra-elecciones-en-el-barrio-el-progreso\/\"\n\t\t\t  \tdata-numposts = \"10\"\n\t\t\t  \tdata-lazy = \"true\"\n\t\t\t\tdata-colorscheme = \"light\"\n\t\t\t\tdata-order-by = \"social\"\n\t\t\t\tdata-mobile=true>\n\t\t\t  <\/div><\/div>\n\t\t  <style>\n\t\t    .fb-background-color {\n\t\t\t\tbackground: #ffffff !important;\n\t\t\t}\n\t\t\t.fb_iframe_widget_fluid_desktop iframe {\n\t\t\t    width: 100% !important;\n\t\t\t}\n\t\t  <\/style>\n\t\t  ","protected":false},"excerpt":{"rendered":"<p>La Direcci\u00f3n de Gobierno informa que el pr\u00f3ximo domingo, 7 de agosto, se realizar\u00e1n las elecciones para la renovaci\u00f3n de autoridades de la Comisi\u00f3n de Fomento del barrio El Progreso.&nbsp; Los comicios tendr\u00e1n lugar en el Polideportivo Municipal, ubicado en la calle Celedonio Miguel 593, en el horario de 10 a 13 \u2013 ingreso por [&hellip;]<\/p>\n","protected":false},"author":4,"featured_media":23060,"comment_status":"closed","ping_status":"closed","sticky":false,"template":"","format":"standard","meta":{"_joinchat":[],"footnotes":""},"categories":[38],"tags":[],"class_list":["post-23059","post","type-post","status-publish","format-standard","has-post-thumbnail","hentry","category-elecciones"],"_links":{"self":[{"href":"https:\/\/www.elpolitologoyelpolitico.com.ar\/wordpress\/wp-json\/wp\/v2\/posts\/23059","targetHints":{"allow":["GET"]}}],"collection":[{"href":"https:\/\/www.elpolitologoyelpolitico.com.ar\/wordpress\/wp-json\/wp\/v2\/posts"}],"about":[{"href":"https:\/\/www.elpolitologoyelpolitico.com.ar\/wordpress\/wp-json\/wp\/v2\/types\/post"}],"author":[{"embeddable":true,"href":"https:\/\/www.elpolitologoyelpolitico.com.ar\/wordpress\/wp-json\/wp\/v2\/users\/4"}],"replies":[{"embeddable":true,"href":"https:\/\/www.elpolitologoyelpolitico.com.ar\/wordpress\/wp-json\/wp\/v2\/comments?post=23059"}],"version-history":[{"count":0,"href":"https:\/\/www.elpolitologoyelpolitico.com.ar\/wordpress\/wp-json\/wp\/v2\/posts\/23059\/revisions"}],"wp:featuredmedia":[{"embeddable":true,"href":"https:\/\/www.elpolitologoyelpolitico.com.ar\/wordpress\/wp-json\/wp\/v2\/media\/23060"}],"wp:attachment":[{"href":"https:\/\/www.elpolitologoyelpolitico.com.ar\/wordpress\/wp-json\/wp\/v2\/media?parent=23059"}],"wp:term":[{"taxonomy":"category","embeddable":true,"href":"https:\/\/www.elpolitologoyelpolitico.com.ar\/wordpress\/wp-json\/wp\/v2\/categories?post=23059"},{"taxonomy":"post_tag","embeddable":true,"href":"https:\/\/www.elpolitologoyelpolitico.com.ar\/wordpress\/wp-json\/wp\/v2\/tags?post=23059"}],"curies":[{"name":"wp","href":"https:\/\/api.w.org\/{rel}","templated":true}]}}