{"id":23055,"date":"2022-08-05T01:44:38","date_gmt":"2022-08-05T01:44:38","guid":{"rendered":"https:\/\/www.elpolitologoyelpolitico.com.ar\/wordpress\/?p=23055"},"modified":"2022-08-05T01:45:54","modified_gmt":"2022-08-05T01:45:54","slug":"se-viene-una-nueva-jornada-de-formacion-politica-para-jovenes-y-militantes-en-rio-negro","status":"publish","type":"post","link":"https:\/\/www.elpolitologoyelpolitico.com.ar\/wordpress\/2022\/08\/05\/se-viene-una-nueva-jornada-de-formacion-politica-para-jovenes-y-militantes-en-rio-negro\/","title":{"rendered":"Se viene una nueva Jornada de Formaci\u00f3n&nbsp; Pol\u00edtica para J\u00f3venes y Militantes en R\u00edo Negro"},"content":{"rendered":"\n<p>Este fin de semana se va a desarrollar una nueva jornada sobre formaci\u00f3n pol\u00edtica para distintos j\u00f3venes.<\/p>\n\n\n\n<p>El Programa de capacitaci\u00f3n y formaci\u00f3n&nbsp; pol\u00edtica para militantes y dirigentes de JSRN ser\u00e1 este s\u00e1bado 6 de agosto en todo el territorio de R\u00edo Negro.<\/p>\n\n\n\n<p>El lugar de encuentro en la Capital Provincial es en el sal\u00f3n retirados de la polic\u00eda de 10 a 15hs.<\/p>\n\n\n\n<p>El objetivo de esta jornada apunta a que militantes y dirigentes de este espacio pol\u00edtico puedan reforzar ciertos conocimientos sobre Liderazgo, Coaching y Oratoria.&nbsp;<\/p>\n<div class=\"fb-background-color\">\n\t\t\t  <div \n\t\t\t  \tclass = \"fb-comments\" \n\t\t\t  \tdata-href = \"https:\/\/www.elpolitologoyelpolitico.com.ar\/wordpress\/2022\/08\/05\/se-viene-una-nueva-jornada-de-formacion-politica-para-jovenes-y-militantes-en-rio-negro\/\"\n\t\t\t  \tdata-numposts = \"10\"\n\t\t\t  \tdata-lazy = \"true\"\n\t\t\t\tdata-colorscheme = \"light\"\n\t\t\t\tdata-order-by = \"social\"\n\t\t\t\tdata-mobile=true>\n\t\t\t  <\/div><\/div>\n\t\t  <style>\n\t\t    .fb-background-color {\n\t\t\t\tbackground: #ffffff !important;\n\t\t\t}\n\t\t\t.fb_iframe_widget_fluid_desktop iframe {\n\t\t\t    width: 100% !important;\n\t\t\t}\n\t\t  <\/style>\n\t\t  ","protected":false},"excerpt":{"rendered":"<p>Este fin de semana se va a desarrollar una nueva jornada sobre formaci\u00f3n pol\u00edtica para distintos j\u00f3venes. El Programa de capacitaci\u00f3n y formaci\u00f3n&nbsp; pol\u00edtica para militantes y dirigentes de JSRN ser\u00e1 este s\u00e1bado 6 de agosto en todo el territorio de R\u00edo Negro. El lugar de encuentro en la Capital Provincial es en el sal\u00f3n [&hellip;]<\/p>\n","protected":false},"author":4,"featured_media":23056,"comment_status":"closed","ping_status":"closed","sticky":false,"template":"","format":"standard","meta":{"_joinchat":[],"footnotes":""},"categories":[5],"tags":[],"class_list":["post-23055","post","type-post","status-publish","format-standard","has-post-thumbnail","hentry","category-partidos-politicos"],"_links":{"self":[{"href":"https:\/\/www.elpolitologoyelpolitico.com.ar\/wordpress\/wp-json\/wp\/v2\/posts\/23055","targetHints":{"allow":["GET"]}}],"collection":[{"href":"https:\/\/www.elpolitologoyelpolitico.com.ar\/wordpress\/wp-json\/wp\/v2\/posts"}],"about":[{"href":"https:\/\/www.elpolitologoyelpolitico.com.ar\/wordpress\/wp-json\/wp\/v2\/types\/post"}],"author":[{"embeddable":true,"href":"https:\/\/www.elpolitologoyelpolitico.com.ar\/wordpress\/wp-json\/wp\/v2\/users\/4"}],"replies":[{"embeddable":true,"href":"https:\/\/www.elpolitologoyelpolitico.com.ar\/wordpress\/wp-json\/wp\/v2\/comments?post=23055"}],"version-history":[{"count":0,"href":"https:\/\/www.elpolitologoyelpolitico.com.ar\/wordpress\/wp-json\/wp\/v2\/posts\/23055\/revisions"}],"wp:featuredmedia":[{"embeddable":true,"href":"https:\/\/www.elpolitologoyelpolitico.com.ar\/wordpress\/wp-json\/wp\/v2\/media\/23056"}],"wp:attachment":[{"href":"https:\/\/www.elpolitologoyelpolitico.com.ar\/wordpress\/wp-json\/wp\/v2\/media?parent=23055"}],"wp:term":[{"taxonomy":"category","embeddable":true,"href":"https:\/\/www.elpolitologoyelpolitico.com.ar\/wordpress\/wp-json\/wp\/v2\/categories?post=23055"},{"taxonomy":"post_tag","embeddable":true,"href":"https:\/\/www.elpolitologoyelpolitico.com.ar\/wordpress\/wp-json\/wp\/v2\/tags?post=23055"}],"curies":[{"name":"wp","href":"https:\/\/api.w.org\/{rel}","templated":true}]}}