{"id":23047,"date":"2022-08-05T01:16:17","date_gmt":"2022-08-05T01:16:17","guid":{"rendered":"https:\/\/www.elpolitologoyelpolitico.com.ar\/wordpress\/?p=23047"},"modified":"2022-08-05T01:17:04","modified_gmt":"2022-08-05T01:17:04","slug":"este-fin-de-semana-se-juega-la-final-local-de-futbol-de-los-juegos-evita-2022","status":"publish","type":"post","link":"https:\/\/www.elpolitologoyelpolitico.com.ar\/wordpress\/2022\/08\/05\/este-fin-de-semana-se-juega-la-final-local-de-futbol-de-los-juegos-evita-2022\/","title":{"rendered":"Este fin de semana se juega la final local de f\u00fatbol de los Juegos Evita 2022"},"content":{"rendered":"\n<p>Este s\u00e1bado 6 de agosto desde las 10 en las canchas de f\u00fatbol del polideportivo municipal Angel Cayetano Arias, se desarrollar\u00e1 la final local de los Juegos Nacionales Evita 2022.<\/p>\n\n\n\n<p>Por la categor\u00eda Sub 16 jugar\u00e1n los equipos Club 30 de marzo \u2013 Desamparados. En la categor\u00eda Sub 14 se disputar\u00e1n la final el Club 30 de marzo \u2013 Club San Javier y en f\u00fatbol 7 mixto- categor\u00eda 2009\/2010 \u2013 la Escuela de F\u00fatbol CTEP \u2013 Club&nbsp; Defensores del Guido.<\/p>\n\n\n\n<p>Los Juegos Evita comenzaron el fin de semana pasado y son organizados por del gobierno de Viedma y la Liga&nbsp; Atl\u00e1ntica Sur.<\/p>\n\n\n\n<p>El Subsecretario de Deportes, Marcelo Barra resalt\u00f3 que \u201ccomo municipio lo que buscamos mantener la esencia del f\u00fatbol barrial y sostener las ra\u00edces fundadoras de este programa que son promover el deporte y la salud para brindar una mejor calidad de vida\u201d<\/p>\n\n\n\n<p>\u201cEn este caso la Subsecretar\u00eda de Deportes de Viedma sostiene la esencia del f\u00fatbol barrial colocando una cl\u00e1usula donde quienes pasan al zonal son los mismos jugadores que participaron en la instancia local, no se pueden modificar las listas de buena fe con nuevos deportistas\u201d agreg\u00f3 Barra<\/p>\n\n\n\n<p>Durante la competencia participaron en su totalidad clubes barriales, donde se anotaron 17 equipos en categor\u00edas f\u00fatbol 11 masculino Sub 14 (2008, 2009, 2010) f\u00fatbol 11 masculino Sub 16 (2006, 2007) y f\u00fatbol mixto Sub 14 (2009, 2010).<\/p>\n\n\n\n<p>Los Juegos Nacionales Evita son la principal competencia deportiva de Argentina y son organizados en todo el pa\u00eds por la Secretar\u00eda de Deportes del Ministerio de Turismo y Deportes de la Naci\u00f3n.<\/p>\n\n\n\n<p>Este programa deportivo re\u00fane 63 disciplinas y un sistema de competencias compuesto por dos etapas: un proceso clasificatorio en cada provincia en el que participan alrededor de 1 mill\u00f3n de ni\u00f1os, ni\u00f1as, j\u00f3venes y personas mayores de cada rinc\u00f3n del pa\u00eds y una fase final, dividida en cinco grandes eventos, a la que acceden 25 mil competidores.<\/p>\n<div class=\"fb-background-color\">\n\t\t\t  <div \n\t\t\t  \tclass = \"fb-comments\" \n\t\t\t  \tdata-href = \"https:\/\/www.elpolitologoyelpolitico.com.ar\/wordpress\/2022\/08\/05\/este-fin-de-semana-se-juega-la-final-local-de-futbol-de-los-juegos-evita-2022\/\"\n\t\t\t  \tdata-numposts = \"10\"\n\t\t\t  \tdata-lazy = \"true\"\n\t\t\t\tdata-colorscheme = \"light\"\n\t\t\t\tdata-order-by = \"social\"\n\t\t\t\tdata-mobile=true>\n\t\t\t  <\/div><\/div>\n\t\t  <style>\n\t\t    .fb-background-color {\n\t\t\t\tbackground: #ffffff !important;\n\t\t\t}\n\t\t\t.fb_iframe_widget_fluid_desktop iframe {\n\t\t\t    width: 100% !important;\n\t\t\t}\n\t\t  <\/style>\n\t\t  ","protected":false},"excerpt":{"rendered":"<p>Este s\u00e1bado 6 de agosto desde las 10 en las canchas de f\u00fatbol del polideportivo municipal Angel Cayetano Arias, se desarrollar\u00e1 la final local de los Juegos Nacionales Evita 2022. Por la categor\u00eda Sub 16 jugar\u00e1n los equipos Club 30 de marzo \u2013 Desamparados. En la categor\u00eda Sub 14 se disputar\u00e1n la final el Club [&hellip;]<\/p>\n","protected":false},"author":4,"featured_media":23048,"comment_status":"closed","ping_status":"closed","sticky":false,"template":"","format":"standard","meta":{"_joinchat":[],"footnotes":""},"categories":[39],"tags":[],"class_list":["post-23047","post","type-post","status-publish","format-standard","has-post-thumbnail","hentry","category-en-esta-seccion"],"_links":{"self":[{"href":"https:\/\/www.elpolitologoyelpolitico.com.ar\/wordpress\/wp-json\/wp\/v2\/posts\/23047","targetHints":{"allow":["GET"]}}],"collection":[{"href":"https:\/\/www.elpolitologoyelpolitico.com.ar\/wordpress\/wp-json\/wp\/v2\/posts"}],"about":[{"href":"https:\/\/www.elpolitologoyelpolitico.com.ar\/wordpress\/wp-json\/wp\/v2\/types\/post"}],"author":[{"embeddable":true,"href":"https:\/\/www.elpolitologoyelpolitico.com.ar\/wordpress\/wp-json\/wp\/v2\/users\/4"}],"replies":[{"embeddable":true,"href":"https:\/\/www.elpolitologoyelpolitico.com.ar\/wordpress\/wp-json\/wp\/v2\/comments?post=23047"}],"version-history":[{"count":0,"href":"https:\/\/www.elpolitologoyelpolitico.com.ar\/wordpress\/wp-json\/wp\/v2\/posts\/23047\/revisions"}],"wp:featuredmedia":[{"embeddable":true,"href":"https:\/\/www.elpolitologoyelpolitico.com.ar\/wordpress\/wp-json\/wp\/v2\/media\/23048"}],"wp:attachment":[{"href":"https:\/\/www.elpolitologoyelpolitico.com.ar\/wordpress\/wp-json\/wp\/v2\/media?parent=23047"}],"wp:term":[{"taxonomy":"category","embeddable":true,"href":"https:\/\/www.elpolitologoyelpolitico.com.ar\/wordpress\/wp-json\/wp\/v2\/categories?post=23047"},{"taxonomy":"post_tag","embeddable":true,"href":"https:\/\/www.elpolitologoyelpolitico.com.ar\/wordpress\/wp-json\/wp\/v2\/tags?post=23047"}],"curies":[{"name":"wp","href":"https:\/\/api.w.org\/{rel}","templated":true}]}}