{"id":23041,"date":"2022-08-05T00:54:47","date_gmt":"2022-08-05T00:54:47","guid":{"rendered":"https:\/\/www.elpolitologoyelpolitico.com.ar\/wordpress\/?p=23041"},"modified":"2022-08-05T00:55:32","modified_gmt":"2022-08-05T00:55:32","slug":"el-programa-movete-patagones-fue-declarado-de-interes-municipal","status":"publish","type":"post","link":"https:\/\/www.elpolitologoyelpolitico.com.ar\/wordpress\/2022\/08\/05\/el-programa-movete-patagones-fue-declarado-de-interes-municipal\/","title":{"rendered":"El programa \u00abMovete Patagones\u00bb fue declarado de Inter\u00e9s Municipal"},"content":{"rendered":"\n<p>La Secretar\u00eda de Salud, a trav\u00e9s del \u00e1rea de Coordinaci\u00f3n de Programas Sanitarios celebr\u00f3 la aprobaci\u00f3n del proyecto presentado ante el Concejo Deliberante para declarar de Inter\u00e9s Municipal el programa \u00abMovete Patagones\u00bb.&nbsp;<\/p>\n\n\n\n<p>\u00abEs un programa propio, creado dentro del municipio, con la participaci\u00f3n de distintas \u00e1reas; Desarrollo Social, Deportes y Salud, que ha sido una iniciativa muy buena e interesante\u00bb, destac\u00f3 la Coordinadora de Programas Sanitarios, Lic. Mabel Guzm\u00e1n.\u00a0<\/p>\n\n\n\n<p>Del mismo modo, expres\u00f3 que \u00abha tenido una gran repercusi\u00f3n y es grato, porque no pens\u00e1bamos que fuera a tener semejante magnitud. Nos ha superado ampliamente, la gente ten\u00eda la necesidad de un espacio, no solo de salud, sino de actividad, de diversi\u00f3n, con un estilo propio\u00bb.&nbsp;<\/p>\n\n\n\n<p>\u00abEs un programa creado para que las personas se muevan y nos encontramos con una realidad dificil post pandemia, pero la realidad hoy es que muchas personas han encontrado en este espacio su lugar, donde la pasan bien, piensan en su salud\u00bb, resalt\u00f3 Guzm\u00e1n.&nbsp;<\/p>\n\n\n\n<p>Asimismo, la Coordinadora de Programas Sanitarios sostuvo que \u00abtoda actividad que hacen las personas genera endorfina y esa es la hormona de la felicidad, eso ha significado el programa Movete Patagones para muchas personas; un espacio propio, un momento para pensar y dedicarse a uno mismo y tambi\u00e9n para salir del encierro, de la rutina y compartir con otras personas que est\u00e1n en sinton\u00eda\u00bb.&nbsp;<\/p>\n\n\n\n<p>El proyecto fue aprobado por unanimidad en la sesi\u00f3n ordinaria de este mi\u00e9rcoles, en el HCD, y al respecto Guzm\u00e1n expres\u00f3: \u00abQueremos agradecer a todas las personas que han apoyado esta iniciativa que lleg\u00f3 para quedarse y para multiplicarse\u00bb.&nbsp;<\/p>\n\n\n\n<p>Para finalizar, la funcionaria coment\u00f3 que\u00a0 \u00abel proyecto tambi\u00e9n fue presentado al ministro de Salud bonaerense, para poder multiplicarlo en otras localidades\u00bb.<\/p>\n\n\n\n<figure class=\"wp-block-gallery has-nested-images columns-default is-cropped wp-block-gallery-1 is-layout-flex wp-block-gallery-is-layout-flex\">\n<figure class=\"wp-block-image size-large\"><img fetchpriority=\"high\" decoding=\"async\" width=\"720\" height=\"540\" data-id=\"23043\" src=\"https:\/\/www.elpolitologoyelpolitico.com.ar\/wp-content\/uploads\/2022\/08\/IMG-20220804-WA0021.jpg\" alt=\"\" class=\"wp-image-23043\" srcset=\"https:\/\/www.elpolitologoyelpolitico.com.ar\/wp-content\/uploads\/2022\/08\/IMG-20220804-WA0021.jpg 720w, https:\/\/www.elpolitologoyelpolitico.com.ar\/wp-content\/uploads\/2022\/08\/IMG-20220804-WA0021-300x225.jpg 300w\" sizes=\"(max-width: 720px) 100vw, 720px\" \/><\/figure>\n\n\n\n<figure class=\"wp-block-image size-large\"><img decoding=\"async\" width=\"720\" height=\"540\" data-id=\"23044\" src=\"https:\/\/www.elpolitologoyelpolitico.com.ar\/wp-content\/uploads\/2022\/08\/IMG-20220804-WA0022.jpg\" alt=\"\" class=\"wp-image-23044\" srcset=\"https:\/\/www.elpolitologoyelpolitico.com.ar\/wp-content\/uploads\/2022\/08\/IMG-20220804-WA0022.jpg 720w, https:\/\/www.elpolitologoyelpolitico.com.ar\/wp-content\/uploads\/2022\/08\/IMG-20220804-WA0022-300x225.jpg 300w\" sizes=\"(max-width: 720px) 100vw, 720px\" \/><\/figure>\n<\/figure>\n<div class=\"fb-background-color\">\n\t\t\t  <div \n\t\t\t  \tclass = \"fb-comments\" \n\t\t\t  \tdata-href = \"https:\/\/www.elpolitologoyelpolitico.com.ar\/wordpress\/2022\/08\/05\/el-programa-movete-patagones-fue-declarado-de-interes-municipal\/\"\n\t\t\t  \tdata-numposts = \"10\"\n\t\t\t  \tdata-lazy = \"true\"\n\t\t\t\tdata-colorscheme = \"light\"\n\t\t\t\tdata-order-by = \"social\"\n\t\t\t\tdata-mobile=true>\n\t\t\t  <\/div><\/div>\n\t\t  <style>\n\t\t    .fb-background-color {\n\t\t\t\tbackground: #ffffff !important;\n\t\t\t}\n\t\t\t.fb_iframe_widget_fluid_desktop iframe {\n\t\t\t    width: 100% !important;\n\t\t\t}\n\t\t  <\/style>\n\t\t  ","protected":false},"excerpt":{"rendered":"<p>La Secretar\u00eda de Salud, a trav\u00e9s del \u00e1rea de Coordinaci\u00f3n de Programas Sanitarios celebr\u00f3 la aprobaci\u00f3n del proyecto presentado ante el Concejo Deliberante para declarar de Inter\u00e9s Municipal el programa \u00abMovete Patagones\u00bb.&nbsp; \u00abEs un programa propio, creado dentro del municipio, con la participaci\u00f3n de distintas \u00e1reas; Desarrollo Social, Deportes y Salud, que ha sido una [&hellip;]<\/p>\n","protected":false},"author":4,"featured_media":23042,"comment_status":"closed","ping_status":"closed","sticky":false,"template":"","format":"standard","meta":{"_joinchat":[],"footnotes":""},"categories":[39],"tags":[],"class_list":["post-23041","post","type-post","status-publish","format-standard","has-post-thumbnail","hentry","category-en-esta-seccion"],"_links":{"self":[{"href":"https:\/\/www.elpolitologoyelpolitico.com.ar\/wordpress\/wp-json\/wp\/v2\/posts\/23041","targetHints":{"allow":["GET"]}}],"collection":[{"href":"https:\/\/www.elpolitologoyelpolitico.com.ar\/wordpress\/wp-json\/wp\/v2\/posts"}],"about":[{"href":"https:\/\/www.elpolitologoyelpolitico.com.ar\/wordpress\/wp-json\/wp\/v2\/types\/post"}],"author":[{"embeddable":true,"href":"https:\/\/www.elpolitologoyelpolitico.com.ar\/wordpress\/wp-json\/wp\/v2\/users\/4"}],"replies":[{"embeddable":true,"href":"https:\/\/www.elpolitologoyelpolitico.com.ar\/wordpress\/wp-json\/wp\/v2\/comments?post=23041"}],"version-history":[{"count":0,"href":"https:\/\/www.elpolitologoyelpolitico.com.ar\/wordpress\/wp-json\/wp\/v2\/posts\/23041\/revisions"}],"wp:featuredmedia":[{"embeddable":true,"href":"https:\/\/www.elpolitologoyelpolitico.com.ar\/wordpress\/wp-json\/wp\/v2\/media\/23042"}],"wp:attachment":[{"href":"https:\/\/www.elpolitologoyelpolitico.com.ar\/wordpress\/wp-json\/wp\/v2\/media?parent=23041"}],"wp:term":[{"taxonomy":"category","embeddable":true,"href":"https:\/\/www.elpolitologoyelpolitico.com.ar\/wordpress\/wp-json\/wp\/v2\/categories?post=23041"},{"taxonomy":"post_tag","embeddable":true,"href":"https:\/\/www.elpolitologoyelpolitico.com.ar\/wordpress\/wp-json\/wp\/v2\/tags?post=23041"}],"curies":[{"name":"wp","href":"https:\/\/api.w.org\/{rel}","templated":true}]}}