{"id":23028,"date":"2022-08-04T21:34:25","date_gmt":"2022-08-04T21:34:25","guid":{"rendered":"https:\/\/www.elpolitologoyelpolitico.com.ar\/wordpress\/?p=23028"},"modified":"2022-08-04T21:35:12","modified_gmt":"2022-08-04T21:35:12","slug":"se-vivio-una-extensa-sesion-en-el-concejo-deliberante-de-patagones","status":"publish","type":"post","link":"https:\/\/www.elpolitologoyelpolitico.com.ar\/wordpress\/2022\/08\/04\/se-vivio-una-extensa-sesion-en-el-concejo-deliberante-de-patagones\/","title":{"rendered":"Se vivi\u00f3 una extensa sesi\u00f3n en el Concejo Deliberante de Patagones"},"content":{"rendered":"\n<p>En el d\u00eda de ayer se llevo a cabo la 12\u00b0 Sesi\u00f3n Ordinaria- Periodo 2022.<\/p>\n\n\n\n<p>En una extensa Sesi\u00f3n, con amplios debates, donde se recibi\u00f3 a representantes de la Feria Comunitaria, fue aprobada por unanimidad la Ordenanza de utilizaci\u00f3n de uso de espacio p\u00fablico por 6 meses m\u00e1s en Plaza Villarino.<\/p>\n\n\n\n<p><strong>ESPACIO PARA HOMENAJES:<\/strong><\/p>\n\n\n\n<p>En el espacio para homenajes la Concejal Mar\u00eda Dolores Patan\u00e8, record\u00f3 que el 31 de julio se cumplieron 20 a\u00f1os del fallecimiento de N\u00e9stor Virgilio Ezcurra, quien fuera Concejal e Intendente del Partido de Patagones, derrocado en el golpe militar de 1976. Con el retorno de la democracia, Intendente electo, 1983 a 1987. Fue un intendente querido y admirado por el arco pol\u00edtico y los ciudadanos. Tambi\u00e9n saludo a las mujeres radicales, ya que se cumpli\u00f3 un nuevo aniversario del fallecimiento de Valentina G\u00f3mez Miranda, militante radical, defensora de los derechos de las mujeres, las familias y los ni\u00f1os. Entre sus trabajos est\u00e1n la Ley de divorcio, y la despenalizaci\u00f3n del aborto. Tambi\u00e9n record\u00f3 que el 30 de julio, es una jornada de reflexi\u00f3n por la trata de personas con el fin de concientizar a toda la sociedad. Sin clientes no hay trata. Envi\u00f3 un saludo a toda la comunidad de la Escuela 11, \u201cHip\u00f3lito Yrigoyen\u201d, que celebr\u00f3 sus 100 a\u00f1os de vida.<\/p>\n\n\n\n<p>La Concejal, Mariel Cinirella, mencion\u00f3 la unificaci\u00f3n de ministerios econ\u00f3micos nacionales y la designaci\u00f3n de Sergio Maza al frente de un nuevo ministerio. Mociono que desde el HCD env\u00eden un saludo, un acompa\u00f1amiento para desearle suerte en este nuevo camino. Tambi\u00e9n saludo a Cecilia Mor\u00f3, la primera Presidente mujer en 158 a\u00f1os de la C\u00e1mara de Diputados. Por primera vez en la historia parlamentaria.<\/p>\n\n\n\n<p>El Concejal Marcelo Honcharuk, se expres\u00f3 con respecto a la solicitud de la Concejal Cinirella, adelant\u00f3 su voto negativo y lo justific\u00f3 diciendo, que el Ministro Guzm\u00e1n fue obligado a renunciar y uno de los responsables fue Sergio Maza y la Vicepresidente, que han causado un da\u00f1o tremendo al pa\u00eds y estos cambios los paga el pueblo, los pagan los comerciantes. Hoy baj\u00f3 el d\u00f3lar y lo vemos como parte del plan, como estrategia. En vez de estar contentos con lo que ha sucedido, debemos estar dolidos y pensantes. En vez de estar festej\u00e1ndolo tenemos que estar en silencio. Hay gente que lo pag\u00f2.&nbsp;<\/p>\n\n\n\n<p>El Concejal Nicol\u00e1s Garc\u00eda, se sum\u00f3 al saludo de la Escuela 11 \u201cHip\u00f3lito Yrigoyen\u201d, una escuela que tiene un profundo enraizamiento en la gente de Patagones, que ha sabido construir su historia y forjar su identidad. Destac\u00f3 que el aire, que reinaba en los festejos era de afecto para con la instituci\u00f3n.&nbsp; Desde el Bloque frente de Todos, env\u00edan un afectuoso saludo, sobre todo al equipo de trabajadoras y trabajadores de la educaci\u00f3n, auxiliares, alumnos. Tambi\u00e9n homenaje\u00f3 a dos docentes que cuidaron a los alumnos dentro de la escuela y tambi\u00e9n afuera de ella, y que tuvieron tr\u00e1gico final: Sandra y Rub\u00e9n, quienes fallecieron en una explosi\u00f3n evitable si se hubieran atendido los reclamos, una escuela de Moreno. En el homenaje a ellos tiene que estar el &nbsp; compromiso para resolver problem\u00e1ticas desde el estado.<\/p>\n\n\n\n<p>El Concejal Ricardo Angos, record\u00f3 a N\u00e9stor Virgilio Ezcurra, a 20 a\u00f1os de su fallecimiento, fue intendente en otros tiempos donde, proyectado en el tiempo, ha entendido su visi\u00f3n. Angos record\u00f3 ver su padre, peronista y Ezcurra del radicalismo, a los que vio sentarse juntos para resolver los asuntos de los vecinos, con valores que no se deben perder. Tambi\u00e9n se sum\u00f3 a los saludos de la Escuela 11 \u201cHip\u00f3lito Yrigoyen\u201d.<\/p>\n\n\n\n<p>La Concejal Romina Colombi. Rindi\u00f3 homenaje a N\u00e9stor Virgilio Ezcurra, a quien no conoci\u00f3, pero ha comprobado que Ezcurra ha dejado huella, ya que todos los empleados municipales que lo conocieron hablan de su calidad de persona. Tambi\u00e9n adhiri\u00f3 a los saludos de la Escuela 11 \u201cHip\u00f3lito Yrigoyen\u201d. Tambi\u00e9n anunci\u00f3 el voto negativo a la propuesta de salutaci\u00f3n hacia Sergio Mazza, fundamentando que no hay nada para festejar, que una ministra de econom\u00eda estuvo 24 d\u00edas en el cargo y asumi\u00f3 otro, se est\u00e1 mal como pa\u00eds. Queremos que le vaya bien al gobierno nacional, provincial y municipal, porque as\u00ed nos va a ir bien a todos.<\/p>\n\n\n\n<p>La Concejal Noem\u00ed C\u00f3rdoba, trajo a la memoria, un 29 de julio de 1966, hubo un hecho muy triste y muy violento en Argentina, se reprime violentamente a profesores y alumnos, conocido como la noche de los bastones largos, Record\u00f3 ese triste momento que se vivi\u00f3 en la Argentina y decir que nunca m\u00e1s ning\u00fan bast\u00f3n podr\u00e1 apagar la luz de las ideas.<\/p>\n\n\n\n<p>El Concejal Marcelo Honcharuk, se refiri\u00f3 a la Escuela 11 \u201cHip\u00f3lito Yrigoyen\u201d, a la comunidad educativa de esa escuela. La escuela 11 fue identificada como un lugar dif\u00edcil y &nbsp; con esfuerzo, con unidad, con proyecci\u00f3n de trabajo, pudieron salir adelante. Es una escuela que ha demostrado con resultados que la pedagog\u00eda y el cari\u00f1o de las docentes los ni\u00f1os pueden salir adelante. M\u00e1s que nada resalt\u00f3 el trabajo de los directivos, de los docentes, y de los padres que acompa\u00f1an a sus hijos.<\/p>\n\n\n\n<p>La Concejal Fabiola Acosta Caballero, se sum\u00f3 a los saludos de la Escuela 11 \u201cHip\u00f3lito Yrigoyen\u201d. Record\u00f3 que el 28 de julio se conmemor\u00f3 el d\u00eda mundial contra las hepatitis. Debemos tomar conciencia de la importancia de los diagn\u00f3stico tempranos, ya que es una enfermedad tratable y curable.<\/p>\n\n\n\n<p>La Concejal Cinirella tambi\u00e9n se refiri\u00f3 a la semana del&nbsp; 1 al 7 de agosto, donde&nbsp; se celebra la semana mundial de la importancia de la lactancia materna.<\/p>\n\n\n\n<p>El Presidente solicit\u00f3 autorizaci\u00f3n para dirigir la palabra y adhiri\u00f3 a las palabras de la Concejal C\u00f3rdoba. Record\u00f3 su experiencia el 29 de julio del 66, y otros acontecimientos que sucedieron como, el lamentable golpe de estado a un Presidente Constitucional, como era Arturo Humberto Illia. Tambi\u00e9n record\u00f3 la figura de don N\u00e9stor Virgilio Ezcurra, a quien le ten\u00eda un afecto especial. Don N\u00e9stor, el vasco, un referente con una visi\u00f3n amplia de lo que necesitaba el Partido de Patagones. El simbolizaba la forma de terminar con las grietas. Derrocado por un golpe de estado. El vasco Ezcurra, con su ponchito marr\u00f3n, recorr\u00eda las calles de Patagones pregunt\u00e1ndole a los vecinos que necesitaba. Es un honor y un placer recordarlo. Tambi\u00e9n saludo a la Escuela 11 \u201cHip\u00f3lito Yrigoyen\u201d, en la que Costantino fue el primer profesor de educaci\u00f3n f\u00edsica de la escuela, recordando que el puente carretero no exist\u00eda y all\u00ed terminaba Patagones.<\/p>\n\n\n\n<p><strong>PROYECTOS INGRESADOS:<\/strong><\/p>\n\n\n\n<p><strong>Iniciado: Bloque Juntos.<\/strong><\/p>\n\n\n\n<p>Extracto: Proyecto de Resoluci\u00f3n. S\/ confecci\u00f3n de una ordenanza que norme la actividad de las Ferias en el Distrito. El Concejal Angos destac\u00f3 que la feria vino para quedarse y que hay que mejorar las prestaciones, mejorar el \u00e1mbito y el espacio.&nbsp; Con modificaciones propuestas por Concejales. Aprobado por Unanimidad.<\/p>\n\n\n\n<p>De acuerdo con la nueva reglamentaci\u00f3n, los feriantes fueron atendidos en cuarto intermedio por los Presidentes de Bloques y se acord\u00f3 una reuni\u00f3n para el pr\u00f3ximo lunes 13 horas en el Recinto del HCD. All\u00ed se encontrar\u00e1n los feriantes y todos los Concejales. En dicha reuni\u00f3n los feriantes entregar\u00e1n un proyecto.<\/p>\n\n\n\n<p><strong>Iniciado: Inter Bloque. Frente Renovador- Bloque Frente de Todos.<\/strong><\/p>\n\n\n\n<p>Extracto: Proyecto de Minuta de Comunicaci\u00f3n. Viendo con agrado que la Feria La Comarca contin\u00fae funcionando en Plaza Villarino. Por solicitud de la Concejal autora de la Minuta, se anexa al expediente 4084-1437HCD\/22. Aprobado por Unanimidad el anexo de la Minuta a Expediente.<\/p>\n\n\n\n<p><strong>Iniciado: Bloque Juntos.&nbsp;&nbsp;<\/strong><\/p>\n\n\n\n<p>Extracto: Proyecto de Minuta de Comunicaci\u00f3n. Solicitar al D.E. realice un estudio sobre el estado del asfalto en Av. Luis Piedra Buena de San Blas. Aprobado por Unanimidad.<br><\/p>\n\n\n\n<p><strong>Iniciado: Bloque Avanzar.<\/strong><\/p>\n\n\n\n<p>Extracto: Proyecto de Ordenanza &#8211; Derogaci\u00f3n Ordenanza 1569\/13. Por pedido del autor, se env\u00eda el Proyecto a la Comisi\u00f3n de Asuntos Legales. Aprobado el pase a Comisi\u00f3n por Unanimidad.<br><\/p>\n\n\n\n<p><strong>Iniciado: Bloque Juntos.<\/strong><\/p>\n\n\n\n<p>Extracto: Proyecto de Resoluci\u00f3n &#8211; Adhesi\u00f3n al Proyecto de Ley \u00bb D\u00eda de la Uni\u00f3n Nacional\u00bb. Aprobado por Mayor\u00eda.<br><\/p>\n\n\n\n<p><strong>Iniciado: Bloque PJ-Frente de Todos e Interbloque Frente Renovador.<\/strong><\/p>\n\n\n\n<p>Extracto: Proyecto de Ordenanza. Adherir al Plan de Integraci\u00f3n Territorial Universitaria \u201cPuentes\u201d. Por pedido del autor del Proyecto, pase a Comisi\u00f3n de Asuntos Varios. Aprobado por Unanimidad el pase a Comisi\u00f3n.<br><\/p>\n\n\n\n<p><strong>Iniciado: Bloque PJ-Frente de Todos e Interbloque Frente Renovador.<\/strong><\/p>\n\n\n\n<p>Extracto: Proyecto de Ordenanza. Protocolo de acci\u00f3n institucional para la prevenci\u00f3n e intervenci\u00f3n frente a situaciones de abuso sexual contra ni\u00f1os, ni\u00f1as y adolescentes en espacios deportivos\/ recreativos municipales y otros \u00e1mbitos afines. Por solicitud de los autores del Proyecto, pase a la Comisi\u00f3n de Mujeres, G\u00e9nero y Diversidad. Aprobado por Unanimidad el pase a Comisi\u00f3n.<br><\/p>\n\n\n\n<p><strong>EXPEDIENTES CON DESPACHO DE COMISI\u00d3N:<\/strong><br><\/p>\n\n\n\n<p><strong>Iniciado: Feria Comunitaria \u00abLa Comarca\u00bb.<\/strong><\/p>\n\n\n\n<p>Extracto: Solicitud de renovaci\u00f3n de uso de espacio p\u00fablico en Plaza Villarino.<\/p>\n\n\n\n<p>ORDENANZA. Aprobado por Unanimidad.<br><\/p>\n\n\n\n<p><strong>Iniciado: Secretar\u00eda de Gobierno.<\/strong><\/p>\n\n\n\n<p>Extracto: Llamado a Licitaci\u00f3n para concesi\u00f3n de Transporte P\u00fablico de Pasajeros automotor. Jurisdicci\u00f3n Bah\u00eda San Blas\/ Carmen de Patagones.<\/p>\n\n\n\n<p>ORDENANZA.&nbsp; Aprobado por Mayor\u00eda.<br><\/p>\n\n\n\n<p><strong>Iniciado: Subsecretar\u00eda de Desarrollo Territorial.<\/strong><\/p>\n\n\n\n<p>Extracto: S\/ licitaci\u00f3n de Inmueble para la Sala de faena en Cardenal Cagliero.<\/p>\n\n\n\n<p>ORDENANZA.&nbsp; Aprobado por Unanimidad.<br><\/p>\n\n\n\n<p><strong>Iniciado: Secretar\u00eda de Gobierno.<\/strong><\/p>\n\n\n\n<p>Extracto: \u00abAcuerdo entre la Municipalidad de Patagones y el Se\u00f1or Jos\u00e9 Nahuelfil. ORDENANZA Y ANEXOS. Aprobado por Unanimidad.<br><\/p>\n\n\n\n<p>Los expedientes con despacho de Comisi\u00f3n, a archivo, fueron aprobados por unanimidad.<\/p>\n\n\n\n<p>Presentes en el Recinto: Presidente Julio Costantino, Secretaria Legislativa Claudia Negri Daurade. Concejales: Romina Colombi, Ariel Zvenger, Rosario Melluso, Nicol\u00e1s Garc\u00eda, Mayra Sardi, Mar\u00eda Dolores Patan\u00e8, Noelia Sep\u00falveda, Santiago Dalmau, Diego Stainnekker, Armando Baril\u00e2, Noem\u00ed C\u00f3rdoba, Fabiola Acosta Caballero, Ricardo Angos, Marcelo Honcharuk y Mariel Cinirella.<\/p>\n<div class=\"fb-background-color\">\n\t\t\t  <div \n\t\t\t  \tclass = \"fb-comments\" \n\t\t\t  \tdata-href = \"https:\/\/www.elpolitologoyelpolitico.com.ar\/wordpress\/2022\/08\/04\/se-vivio-una-extensa-sesion-en-el-concejo-deliberante-de-patagones\/\"\n\t\t\t  \tdata-numposts = \"10\"\n\t\t\t  \tdata-lazy = \"true\"\n\t\t\t\tdata-colorscheme = \"light\"\n\t\t\t\tdata-order-by = \"social\"\n\t\t\t\tdata-mobile=true>\n\t\t\t  <\/div><\/div>\n\t\t  <style>\n\t\t    .fb-background-color {\n\t\t\t\tbackground: #ffffff !important;\n\t\t\t}\n\t\t\t.fb_iframe_widget_fluid_desktop iframe {\n\t\t\t    width: 100% !important;\n\t\t\t}\n\t\t  <\/style>\n\t\t  ","protected":false},"excerpt":{"rendered":"<p>En el d\u00eda de ayer se llevo a cabo la 12\u00b0 Sesi\u00f3n Ordinaria- Periodo 2022. En una extensa Sesi\u00f3n, con amplios debates, donde se recibi\u00f3 a representantes de la Feria Comunitaria, fue aprobada por unanimidad la Ordenanza de utilizaci\u00f3n de uso de espacio p\u00fablico por 6 meses m\u00e1s en Plaza Villarino. ESPACIO PARA HOMENAJES: En [&hellip;]<\/p>\n","protected":false},"author":4,"featured_media":23029,"comment_status":"closed","ping_status":"closed","sticky":false,"template":"","format":"standard","meta":{"_joinchat":[],"footnotes":""},"categories":[39],"tags":[],"class_list":["post-23028","post","type-post","status-publish","format-standard","has-post-thumbnail","hentry","category-en-esta-seccion"],"_links":{"self":[{"href":"https:\/\/www.elpolitologoyelpolitico.com.ar\/wordpress\/wp-json\/wp\/v2\/posts\/23028","targetHints":{"allow":["GET"]}}],"collection":[{"href":"https:\/\/www.elpolitologoyelpolitico.com.ar\/wordpress\/wp-json\/wp\/v2\/posts"}],"about":[{"href":"https:\/\/www.elpolitologoyelpolitico.com.ar\/wordpress\/wp-json\/wp\/v2\/types\/post"}],"author":[{"embeddable":true,"href":"https:\/\/www.elpolitologoyelpolitico.com.ar\/wordpress\/wp-json\/wp\/v2\/users\/4"}],"replies":[{"embeddable":true,"href":"https:\/\/www.elpolitologoyelpolitico.com.ar\/wordpress\/wp-json\/wp\/v2\/comments?post=23028"}],"version-history":[{"count":0,"href":"https:\/\/www.elpolitologoyelpolitico.com.ar\/wordpress\/wp-json\/wp\/v2\/posts\/23028\/revisions"}],"wp:featuredmedia":[{"embeddable":true,"href":"https:\/\/www.elpolitologoyelpolitico.com.ar\/wordpress\/wp-json\/wp\/v2\/media\/23029"}],"wp:attachment":[{"href":"https:\/\/www.elpolitologoyelpolitico.com.ar\/wordpress\/wp-json\/wp\/v2\/media?parent=23028"}],"wp:term":[{"taxonomy":"category","embeddable":true,"href":"https:\/\/www.elpolitologoyelpolitico.com.ar\/wordpress\/wp-json\/wp\/v2\/categories?post=23028"},{"taxonomy":"post_tag","embeddable":true,"href":"https:\/\/www.elpolitologoyelpolitico.com.ar\/wordpress\/wp-json\/wp\/v2\/tags?post=23028"}],"curies":[{"name":"wp","href":"https:\/\/api.w.org\/{rel}","templated":true}]}}