{"id":23024,"date":"2022-08-04T17:52:39","date_gmt":"2022-08-04T17:52:39","guid":{"rendered":"https:\/\/www.elpolitologoyelpolitico.com.ar\/wordpress\/?p=23024"},"modified":"2022-08-04T17:53:18","modified_gmt":"2022-08-04T17:53:18","slug":"comenzo-otro-ciclo-del-programa-municipal-en-la-mirada-de","status":"publish","type":"post","link":"https:\/\/www.elpolitologoyelpolitico.com.ar\/wordpress\/2022\/08\/04\/comenzo-otro-ciclo-del-programa-municipal-en-la-mirada-de\/","title":{"rendered":"Comenz\u00f3 otro ciclo del programa municipal \u201cEn la mirada de..\u201d"},"content":{"rendered":"\n<p>Con modalidad presencial y virtual empez\u00f3 el segundo ciclo municipal \u201cEn la mirada de \u2026\u201d esta vez apuntado a la construcci\u00f3n de micromon\u00f3logos, dictado por Mauricio Kartun y Julia Lavatelli en el Centro Municipal de Cultura.<\/p>\n\n\n\n<p>El ciclo comenz\u00f3 con una jornada virtual y esta semana se realizar\u00e1 el primer encuentro presencial en la Sala Biagetti del Centro Cultural.<\/p>\n\n\n\n<p>\u201cEn la Mirada de\u2026\u201d tiene como objetivo principal nuclear a trabajadores\/as de las artes esc\u00e9nicas (Teatro, Danza, Circo, etc.) en un proyecto de creaci\u00f3n e investigaci\u00f3n teatral.<\/p>\n\n\n\n<p>En esta oportunidad, el proceso creativo de dramaturgia para actores y actrices es coordinado por Mauricio Kartun y Julia Lavatelli, proponiendo la composici\u00f3n de micromon\u00f3logos (unidades dram\u00e1ticas de no m\u00e1s de 3 minutos) en los que cada actor pueda abordar la experiencia de escritura dram\u00e1tica y la construcci\u00f3n de un discurso esc\u00e9nico con vocaci\u00f3n espectacular.<\/p>\n\n\n\n<p>Julia Lavatelli es actriz, directora, dramaturga y profesora de teatro. Doctora en Estudios Teatrales \u2013 Universidad de la Sorbonne Nouvelle. Paris III. Desde 1992 dicta clases de actuaci\u00f3n en la Facultad de Arte (UNICEN). En la misma instituci\u00f3n es adem\u00e1s desde 1993 Profesora Titular en la C\u00e1tedra de Mauricio Kartun de Creaci\u00f3n Colectiva. En co-direcci\u00f3n con \u00e9l mismo ha presentado all\u00ed entre otros: Muestra obscena (1993), Muestra Candida (1994), Muestra descomunal (1995), Muestra Visceral (1996), Muestra Excusados Blues (1998), Muestra Marmolada (2000), Muestra Particulares 15 (2003), Muestra Falsa (2012), Muestra Contraola (2015), Coreoman\u00eda. Muestra Bailable (2016).<\/p>\n\n\n\n<p>Mauricio Kartun es dramaturgo, director teatral y maestro de dramaturgia. Durante estos \u00faltimos a\u00f1os estren\u00f3 como autor y director las obras La Madonnita, El ni\u00f1o argentino, Ala de criados, Salom\u00e9 de chacra y Terrenal. Peque\u00f1o misterio \u00e1crata. Sus textos teatrales y te\u00f3ricos han sido publicados en m\u00e1s de un centenar de ediciones nacionales y extranjeras. Recibi\u00f3 gran cantidad de premios y reconocimientos, de los cuales se destacan el Gran Premio de Honor otorgado por Argentores, el ACE de Oro, premio m\u00e1ximo de la cr\u00edtica esc\u00e9nica, y el Premio Nacional de Dramaturgia. En el a\u00f1o 2014 ha recibido el nombramiento de Profesor Honorario de la Universidad de Buenos Aires.<\/p>\n\n\n\n<p>Un proceso que va desde la propuesta, su enriquecimiento en el intercambio grupal, la presentaci\u00f3n en formato de improvisaci\u00f3n, el registro textual, la intervenci\u00f3n profesional de Mauricio Kartun sobre esos textos, hasta su representaci\u00f3n en el formato semimontado o \u201cPuesta en espacio\u201d.<\/p>\n\n\n\n<p>Esta iniciativa es llevada adelante a trav\u00e9s de la Subsecretar\u00eda de Cultura de la Municipalidad de Viedma, en conjunto con la Secretar\u00eda de Estado de Cultura de la Provincia de R\u00edo Negro.<\/p>\n<div class=\"fb-background-color\">\n\t\t\t  <div \n\t\t\t  \tclass = \"fb-comments\" \n\t\t\t  \tdata-href = \"https:\/\/www.elpolitologoyelpolitico.com.ar\/wordpress\/2022\/08\/04\/comenzo-otro-ciclo-del-programa-municipal-en-la-mirada-de\/\"\n\t\t\t  \tdata-numposts = \"10\"\n\t\t\t  \tdata-lazy = \"true\"\n\t\t\t\tdata-colorscheme = \"light\"\n\t\t\t\tdata-order-by = \"social\"\n\t\t\t\tdata-mobile=true>\n\t\t\t  <\/div><\/div>\n\t\t  <style>\n\t\t    .fb-background-color {\n\t\t\t\tbackground: #ffffff !important;\n\t\t\t}\n\t\t\t.fb_iframe_widget_fluid_desktop iframe {\n\t\t\t    width: 100% !important;\n\t\t\t}\n\t\t  <\/style>\n\t\t  ","protected":false},"excerpt":{"rendered":"<p>Con modalidad presencial y virtual empez\u00f3 el segundo ciclo municipal \u201cEn la mirada de \u2026\u201d esta vez apuntado a la construcci\u00f3n de micromon\u00f3logos, dictado por Mauricio Kartun y Julia Lavatelli en el Centro Municipal de Cultura. El ciclo comenz\u00f3 con una jornada virtual y esta semana se realizar\u00e1 el primer encuentro presencial en la Sala [&hellip;]<\/p>\n","protected":false},"author":4,"featured_media":23025,"comment_status":"closed","ping_status":"closed","sticky":false,"template":"","format":"standard","meta":{"_joinchat":[],"footnotes":""},"categories":[39],"tags":[],"class_list":["post-23024","post","type-post","status-publish","format-standard","has-post-thumbnail","hentry","category-en-esta-seccion"],"_links":{"self":[{"href":"https:\/\/www.elpolitologoyelpolitico.com.ar\/wordpress\/wp-json\/wp\/v2\/posts\/23024","targetHints":{"allow":["GET"]}}],"collection":[{"href":"https:\/\/www.elpolitologoyelpolitico.com.ar\/wordpress\/wp-json\/wp\/v2\/posts"}],"about":[{"href":"https:\/\/www.elpolitologoyelpolitico.com.ar\/wordpress\/wp-json\/wp\/v2\/types\/post"}],"author":[{"embeddable":true,"href":"https:\/\/www.elpolitologoyelpolitico.com.ar\/wordpress\/wp-json\/wp\/v2\/users\/4"}],"replies":[{"embeddable":true,"href":"https:\/\/www.elpolitologoyelpolitico.com.ar\/wordpress\/wp-json\/wp\/v2\/comments?post=23024"}],"version-history":[{"count":0,"href":"https:\/\/www.elpolitologoyelpolitico.com.ar\/wordpress\/wp-json\/wp\/v2\/posts\/23024\/revisions"}],"wp:featuredmedia":[{"embeddable":true,"href":"https:\/\/www.elpolitologoyelpolitico.com.ar\/wordpress\/wp-json\/wp\/v2\/media\/23025"}],"wp:attachment":[{"href":"https:\/\/www.elpolitologoyelpolitico.com.ar\/wordpress\/wp-json\/wp\/v2\/media?parent=23024"}],"wp:term":[{"taxonomy":"category","embeddable":true,"href":"https:\/\/www.elpolitologoyelpolitico.com.ar\/wordpress\/wp-json\/wp\/v2\/categories?post=23024"},{"taxonomy":"post_tag","embeddable":true,"href":"https:\/\/www.elpolitologoyelpolitico.com.ar\/wordpress\/wp-json\/wp\/v2\/tags?post=23024"}],"curies":[{"name":"wp","href":"https:\/\/api.w.org\/{rel}","templated":true}]}}