{"id":23019,"date":"2022-08-04T16:25:23","date_gmt":"2022-08-04T16:25:23","guid":{"rendered":"https:\/\/www.elpolitologoyelpolitico.com.ar\/wordpress\/?p=23019"},"modified":"2022-08-04T16:26:02","modified_gmt":"2022-08-04T16:26:02","slug":"segmentacion-energetica-se-prorrogo-el-plazo-para-realizar-el-tramite-en-el-punto-digital-del-barrio-villa-rita","status":"publish","type":"post","link":"https:\/\/www.elpolitologoyelpolitico.com.ar\/wordpress\/2022\/08\/04\/segmentacion-energetica-se-prorrogo-el-plazo-para-realizar-el-tramite-en-el-punto-digital-del-barrio-villa-rita\/","title":{"rendered":"Segmentaci\u00f3n energ\u00e9tica: Se prorrog\u00f3 el plazo para realizar el tr\u00e1mite en el Punto Digital del barrio Villa Rita"},"content":{"rendered":"\n<p>A partir de la pr\u00f3rroga establecida para la inscripci\u00f3n a la segmentaci\u00f3n de tarifas energ\u00e9ticas, la Municipalidad de Patagones informa a la comunidad que continuar\u00e1 brindando asesoramiento y acompa\u00f1amiento a los vecinos que a\u00fan no hayan completado el formulario.<\/p>\n\n\n\n<p>El servicio estar\u00e1 disponible en el Punto Digital, del barrio Villa Rita, ubicado en calles Bigu\u00e1 y Ocampo.&nbsp;<\/p>\n\n\n\n<p>Los vecinos ser\u00e1n asesorados por personal municipal de lunes a viernes en el horario de 8 a 18.<\/p>\n<div class=\"fb-background-color\">\n\t\t\t  <div \n\t\t\t  \tclass = \"fb-comments\" \n\t\t\t  \tdata-href = \"https:\/\/www.elpolitologoyelpolitico.com.ar\/wordpress\/2022\/08\/04\/segmentacion-energetica-se-prorrogo-el-plazo-para-realizar-el-tramite-en-el-punto-digital-del-barrio-villa-rita\/\"\n\t\t\t  \tdata-numposts = \"10\"\n\t\t\t  \tdata-lazy = \"true\"\n\t\t\t\tdata-colorscheme = \"light\"\n\t\t\t\tdata-order-by = \"social\"\n\t\t\t\tdata-mobile=true>\n\t\t\t  <\/div><\/div>\n\t\t  <style>\n\t\t    .fb-background-color {\n\t\t\t\tbackground: #ffffff !important;\n\t\t\t}\n\t\t\t.fb_iframe_widget_fluid_desktop iframe {\n\t\t\t    width: 100% !important;\n\t\t\t}\n\t\t  <\/style>\n\t\t  ","protected":false},"excerpt":{"rendered":"<p>A partir de la pr\u00f3rroga establecida para la inscripci\u00f3n a la segmentaci\u00f3n de tarifas energ\u00e9ticas, la Municipalidad de Patagones informa a la comunidad que continuar\u00e1 brindando asesoramiento y acompa\u00f1amiento a los vecinos que a\u00fan no hayan completado el formulario. El servicio estar\u00e1 disponible en el Punto Digital, del barrio Villa Rita, ubicado en calles Bigu\u00e1 [&hellip;]<\/p>\n","protected":false},"author":4,"featured_media":23020,"comment_status":"closed","ping_status":"closed","sticky":false,"template":"","format":"standard","meta":{"_joinchat":[],"footnotes":""},"categories":[39],"tags":[],"class_list":["post-23019","post","type-post","status-publish","format-standard","has-post-thumbnail","hentry","category-en-esta-seccion"],"_links":{"self":[{"href":"https:\/\/www.elpolitologoyelpolitico.com.ar\/wordpress\/wp-json\/wp\/v2\/posts\/23019","targetHints":{"allow":["GET"]}}],"collection":[{"href":"https:\/\/www.elpolitologoyelpolitico.com.ar\/wordpress\/wp-json\/wp\/v2\/posts"}],"about":[{"href":"https:\/\/www.elpolitologoyelpolitico.com.ar\/wordpress\/wp-json\/wp\/v2\/types\/post"}],"author":[{"embeddable":true,"href":"https:\/\/www.elpolitologoyelpolitico.com.ar\/wordpress\/wp-json\/wp\/v2\/users\/4"}],"replies":[{"embeddable":true,"href":"https:\/\/www.elpolitologoyelpolitico.com.ar\/wordpress\/wp-json\/wp\/v2\/comments?post=23019"}],"version-history":[{"count":0,"href":"https:\/\/www.elpolitologoyelpolitico.com.ar\/wordpress\/wp-json\/wp\/v2\/posts\/23019\/revisions"}],"wp:featuredmedia":[{"embeddable":true,"href":"https:\/\/www.elpolitologoyelpolitico.com.ar\/wordpress\/wp-json\/wp\/v2\/media\/23020"}],"wp:attachment":[{"href":"https:\/\/www.elpolitologoyelpolitico.com.ar\/wordpress\/wp-json\/wp\/v2\/media?parent=23019"}],"wp:term":[{"taxonomy":"category","embeddable":true,"href":"https:\/\/www.elpolitologoyelpolitico.com.ar\/wordpress\/wp-json\/wp\/v2\/categories?post=23019"},{"taxonomy":"post_tag","embeddable":true,"href":"https:\/\/www.elpolitologoyelpolitico.com.ar\/wordpress\/wp-json\/wp\/v2\/tags?post=23019"}],"curies":[{"name":"wp","href":"https:\/\/api.w.org\/{rel}","templated":true}]}}