{"id":23010,"date":"2022-08-04T01:55:54","date_gmt":"2022-08-04T01:55:54","guid":{"rendered":"https:\/\/www.elpolitologoyelpolitico.com.ar\/wordpress\/?p=23010"},"modified":"2022-08-04T01:57:12","modified_gmt":"2022-08-04T01:57:12","slug":"el-hockey-femenino-de-viedma-recibira-a-34-equipos-de-la-patagonia-en-los-campeonatos-regionales-de-clubes","status":"publish","type":"post","link":"https:\/\/www.elpolitologoyelpolitico.com.ar\/wordpress\/2022\/08\/04\/el-hockey-femenino-de-viedma-recibira-a-34-equipos-de-la-patagonia-en-los-campeonatos-regionales-de-clubes\/","title":{"rendered":"EL HOCKEY FEMENINO DE VIEDMA RECIBIR\u00c1 A 34 EQUIPOS DE LA PATAGONIA EN LOS CAMPEONATOS REGIONALES DE CLUBES"},"content":{"rendered":"\n<p>Con la presencia del intendente Pedro Pesatti, la presidenta de la Asociaci\u00f3n de Hockey de la Comarca Natalia Macri el Secretario de Deportes Diego Rosati y el Subsecretario de Deportes Federado, Nahuel Astutti, se realiz\u00f3 la Presentaci\u00f3n de los Campeonatos Regionales de Clubes Patagonia Damas Sub 14 y Sub 16 .<\/p>\n\n\n\n<p>Por primera vez en la historia, Viedma ser\u00e1 sede de los \u201cCampeonatos Regionales de Clubes Patagonia Damas\u201d de la Confederaci\u00f3n Argentina de Hockey (CAH) en las categor\u00edas mencionadas.&nbsp; La organizaci\u00f3n est\u00e1 a cargo de la Asociaci\u00f3n de Hockey de la Comarca Viedma \u2013 Patagones (AHVP).&nbsp;<\/p>\n<div class=\"fb-background-color\">\n\t\t\t  <div \n\t\t\t  \tclass = \"fb-comments\" \n\t\t\t  \tdata-href = \"https:\/\/www.elpolitologoyelpolitico.com.ar\/wordpress\/2022\/08\/04\/el-hockey-femenino-de-viedma-recibira-a-34-equipos-de-la-patagonia-en-los-campeonatos-regionales-de-clubes\/\"\n\t\t\t  \tdata-numposts = \"10\"\n\t\t\t  \tdata-lazy = \"true\"\n\t\t\t\tdata-colorscheme = \"light\"\n\t\t\t\tdata-order-by = \"social\"\n\t\t\t\tdata-mobile=true>\n\t\t\t  <\/div><\/div>\n\t\t  <style>\n\t\t    .fb-background-color {\n\t\t\t\tbackground: #ffffff !important;\n\t\t\t}\n\t\t\t.fb_iframe_widget_fluid_desktop iframe {\n\t\t\t    width: 100% !important;\n\t\t\t}\n\t\t  <\/style>\n\t\t  ","protected":false},"excerpt":{"rendered":"<p>Con la presencia del intendente Pedro Pesatti, la presidenta de la Asociaci\u00f3n de Hockey de la Comarca Natalia Macri el Secretario de Deportes Diego Rosati y el Subsecretario de Deportes Federado, Nahuel Astutti, se realiz\u00f3 la Presentaci\u00f3n de los Campeonatos Regionales de Clubes Patagonia Damas Sub 14 y Sub 16 . Por primera vez en [&hellip;]<\/p>\n","protected":false},"author":4,"featured_media":23012,"comment_status":"closed","ping_status":"closed","sticky":false,"template":"","format":"standard","meta":{"_joinchat":[],"footnotes":""},"categories":[39],"tags":[],"class_list":["post-23010","post","type-post","status-publish","format-standard","has-post-thumbnail","hentry","category-en-esta-seccion"],"_links":{"self":[{"href":"https:\/\/www.elpolitologoyelpolitico.com.ar\/wordpress\/wp-json\/wp\/v2\/posts\/23010","targetHints":{"allow":["GET"]}}],"collection":[{"href":"https:\/\/www.elpolitologoyelpolitico.com.ar\/wordpress\/wp-json\/wp\/v2\/posts"}],"about":[{"href":"https:\/\/www.elpolitologoyelpolitico.com.ar\/wordpress\/wp-json\/wp\/v2\/types\/post"}],"author":[{"embeddable":true,"href":"https:\/\/www.elpolitologoyelpolitico.com.ar\/wordpress\/wp-json\/wp\/v2\/users\/4"}],"replies":[{"embeddable":true,"href":"https:\/\/www.elpolitologoyelpolitico.com.ar\/wordpress\/wp-json\/wp\/v2\/comments?post=23010"}],"version-history":[{"count":0,"href":"https:\/\/www.elpolitologoyelpolitico.com.ar\/wordpress\/wp-json\/wp\/v2\/posts\/23010\/revisions"}],"wp:featuredmedia":[{"embeddable":true,"href":"https:\/\/www.elpolitologoyelpolitico.com.ar\/wordpress\/wp-json\/wp\/v2\/media\/23012"}],"wp:attachment":[{"href":"https:\/\/www.elpolitologoyelpolitico.com.ar\/wordpress\/wp-json\/wp\/v2\/media?parent=23010"}],"wp:term":[{"taxonomy":"category","embeddable":true,"href":"https:\/\/www.elpolitologoyelpolitico.com.ar\/wordpress\/wp-json\/wp\/v2\/categories?post=23010"},{"taxonomy":"post_tag","embeddable":true,"href":"https:\/\/www.elpolitologoyelpolitico.com.ar\/wordpress\/wp-json\/wp\/v2\/tags?post=23010"}],"curies":[{"name":"wp","href":"https:\/\/api.w.org\/{rel}","templated":true}]}}