{"id":22997,"date":"2022-08-04T01:02:24","date_gmt":"2022-08-04T01:02:24","guid":{"rendered":"https:\/\/www.elpolitologoyelpolitico.com.ar\/wordpress\/?p=22997"},"modified":"2022-08-04T01:03:04","modified_gmt":"2022-08-04T01:03:04","slug":"el-intendente-zara-participo-del-acto-por-el-100-aniversario-de-la-escuela-primaria-n11-hipolito-yrigoyen","status":"publish","type":"post","link":"https:\/\/www.elpolitologoyelpolitico.com.ar\/wordpress\/2022\/08\/04\/el-intendente-zara-participo-del-acto-por-el-100-aniversario-de-la-escuela-primaria-n11-hipolito-yrigoyen\/","title":{"rendered":"El Intendente Zara particip\u00f3 del acto por el 100\u00b0 aniversario de la Escuela Primaria N\u00b011, Hip\u00f3lito Yrigoyen"},"content":{"rendered":"\n<p>El Intendente Municipal, Ing. Jos\u00e9 Luis Zara, particip\u00f3 este martes de la ceremonia en conmemoraci\u00f3n del centenario de la Escuela Primaria N\u00b011 \u201cHip\u00f3lito Yrigoyen\u201d, de Carmen de Patagones.<\/p>\n\n\n\n<p>Estuvo acompa\u00f1ado por el Jefe de Gabinete, Fabio Bettinelli, el Presidente del Consejo Escolar, Paulo Bykaluk, y funcionarios del Gabinete Municipal.<\/p>\n\n\n\n<p>Asimismo, se hicieron presentes concejales, docentes y ex docentes, directivos y exdirectivos, vecinos, representantes de distintas instituciones, inspectores de las diferentes ramas educativas, integrantes de la Asociaci\u00f3n Cooperadora, alumnos y ex alumnos.<\/p>\n\n\n\n<p>Luego de la apertura formal de la ceremonia, con el ingreso de las banderas de las distintas instituciones educativas, el izado del pabell\u00f3n nacional y el Himno, se dio lugar a las palabras de las autoridades educativas y a quienes hicieron su paso por la instituci\u00f3n.<\/p>\n\n\n\n<p>En primer lugar, se expres\u00f3 la ex directora Silvia Giorgi: \u201cSeguramente el centenario de una escuela tiene significados diferentes para muchos de los que estamos aqu\u00ed; para algunos es motivo de nostalgia, recuerdos y reencuentros. Para otros estos cien a\u00f1os plantean la posibilidad de recuperar el sentido de pertenencia, de volver a la instituci\u00f3n de la que se despidieron hace mucho y hoy sienten deseos de retornar. Otros no se fueron nunca, solo lo hicieron por un corto periodo para formarse y volver como educadores. Otros transitan espacios diferentes, pisan la misma pisada de la ni\u00f1ez con los pies de sus hijos y nietos. Finalmente para varios implicar\u00e1 un empezar, un querer, un comenzar a ser parte\u201d.<\/p>\n\n\n\n<p>\u201cLa conmemoraci\u00f3n de este centenario da testimonio de cu\u00e1nto han realizado los docentes que han dejado aqu\u00ed su impronta y su huella\u201d, se\u00f1al\u00f3 Giorgi y expres\u00f3 sus respetos a las autoridades, directivos, alumnos, asociaci\u00f3n cooperadora, familias, padrinos y entidades particulares \u201cque han sido parte de esta escuela, de estos cien a\u00f1os que comenzaron all\u00e1 por un 9 de agosto de 1922\u201d.<\/p>\n\n\n\n<p>Luego, la Inspectora Estela Sosa dio lectura a las palabras expresadas por la Jefa Distrital de Educaci\u00f3n, Claudia Azpiroz, que por razones particulares no pudo estar presente en la ceremonia: \u201cEl centenario de la Escuela tiene significados diferentes para muchos de los que estamos aqu\u00ed. Es un momento de festejo de 100 a\u00f1os de educaci\u00f3n p\u00fablica. Se trata de celebrar un pasado y un presente que nos llena de orgullo, nos impulsa a continuar trabajando, a seguir construyendo donde no solo es importante a d\u00f3nde se quiere llegar, sino el camino mismo, donde se deben aprender valores y actitudes democr\u00e1ticas, teniendo presente la diversidad y el respeto por el otro\u201d.<\/p>\n\n\n\n<figure class=\"wp-block-image size-full\"><img fetchpriority=\"high\" decoding=\"async\" width=\"720\" height=\"332\" src=\"https:\/\/www.elpolitologoyelpolitico.com.ar\/wp-content\/uploads\/2022\/08\/IMG-20220803-WA0029.jpg\" alt=\"\" class=\"wp-image-22999\" srcset=\"https:\/\/www.elpolitologoyelpolitico.com.ar\/wp-content\/uploads\/2022\/08\/IMG-20220803-WA0029.jpg 720w, https:\/\/www.elpolitologoyelpolitico.com.ar\/wp-content\/uploads\/2022\/08\/IMG-20220803-WA0029-300x138.jpg 300w\" sizes=\"(max-width: 720px) 100vw, 720px\" \/><\/figure>\n\n\n\n<p>\u201cFestejar significa hacer memoria, recuperar lo transitado, significa explicar, diagnosticar el presente para lanzarnos con m\u00e1s fuerza hacia el futuro. Tambi\u00e9n significa agradecer y recordar a todas las personas que hicieron posible la creaci\u00f3n y consolidaci\u00f3n de esta escuela primaria. Este logro, 100 a\u00f1os, es una conjunci\u00f3n de esfuerzos, de trabajo de todos los miembros de la comunidad educativa de ayer y de hoy. Este festejo nos impulsa a continuar trabajando en equipo para la formaci\u00f3n de ciudadanos participativos y solidarios en la construcci\u00f3n de aprendizajes significativos para la sociedad de hoy. Muy feliz cumplea\u00f1os para la comunidad de la Escuela Primaria N\u00b011\u201d, concluy\u00f3 la carta enviada por Azpiroz.<\/p>\n\n\n\n<p>A continuaci\u00f3n, hizo lo propio el Intendente, Jos\u00e9 Luis Zara, quien expres\u00f3: \u201cEs una alegr\u00eda muy grande compartir con ustedes y ser parte de estos 100 a\u00f1os. Escuchaba a quienes me precedieron y la verdad que son cien a\u00f1os de historia, de crecimiento, de trayectoria, de formaci\u00f3n de nuestros j\u00f3venes, muchos de los que hoy trabajan en el Partido de Patagones y se han formado en esta instituci\u00f3n\u201d.<\/p>\n\n\n\n<p>\u201cToda instituci\u00f3n tiene que tener el acompa\u00f1amiento del Estado Municipal y as\u00ed lo hemos hecho en estos 7 a\u00f1os, porque esta escuela tambi\u00e9n alberg\u00f3 al Centro Educativo Complementario N\u00b02, al Jard\u00edn de Infantes N\u00b0910, que hoy tienen su edificio propio\u201d, se\u00f1al\u00f3 el jefe comunal.<\/p>\n\n\n\n<p>\u201cEn este establecimiento tambi\u00e9n, hemos hecho el pavimento, veredas, eso significa el compromiso que tenemos con la educaci\u00f3n a lo largo y a lo ancho del Partido de Patagones, porque los establecimientos educativos, para mi gesti\u00f3n, tienen que tener el nivel de infraestructura que se merecen, que los chicos est\u00e9n en lugares c\u00f3modos; los docentes, los auxiliares. Felicito el trabajo que han hecho, los ex directivos, los auxiliares, los docentes, los actuales y los anteriores, todo lo que hicieron por educar y formar a nuestros j\u00f3venes, felices 100 a\u00f1os\u201d, expres\u00f3 el mandatario.<\/p>\n\n\n\n<p>Por su parte, la Directora de la Escuela, Silvana Bratulich, hizo un amplio repaso por la historia de la instituci\u00f3n, resaltando especialmente a los primeros directivos y docentes.&nbsp;&nbsp;<\/p>\n\n\n\n<p>\u201cLos cien a\u00f1os plantean la posibilidad de recuperar el sentido de pertenencia, de mirar el pasado y celebrar a los fundadores de su construcci\u00f3n y la importancia que la escuela ha prestado a la comunidad y a la ciudad, pero a la vez festejar nuestro presente y mirar al futuro que nos conducir\u00e1 hacia el camino de nuestros logros y deseos\u201d, expres\u00f3.<\/p>\n\n\n\n<figure class=\"wp-block-image size-full is-resized\"><img decoding=\"async\" src=\"https:\/\/www.elpolitologoyelpolitico.com.ar\/wp-content\/uploads\/2022\/08\/IMG-20220803-WA0028.jpg\" alt=\"\" class=\"wp-image-23000\" width=\"685\" height=\"316\" srcset=\"https:\/\/www.elpolitologoyelpolitico.com.ar\/wp-content\/uploads\/2022\/08\/IMG-20220803-WA0028.jpg 720w, https:\/\/www.elpolitologoyelpolitico.com.ar\/wp-content\/uploads\/2022\/08\/IMG-20220803-WA0028-300x138.jpg 300w\" sizes=\"(max-width: 685px) 100vw, 685px\" \/><\/figure>\n\n\n\n<p>Adem\u00e1s, a\u00f1adi\u00f3 que \u201cla historia se inicia el 1 de agosto de 1922, la escuela comenz\u00f3 a funcionar con 20 alumnos en una habitaci\u00f3n de la chacra de la secci\u00f3n quintas, propiedad del se\u00f1or Enrique Mosquera, su primera directora y maestra fue la se\u00f1ora Justa Capdevilla de Pizarro. El 2 de mayo de 1924, la escuela qued\u00f3 a cargo de la se\u00f1orita Celia Villalba. M\u00e1s tarde, el peque\u00f1o establecimiento cambi\u00f3 de lugar; la chacra del se\u00f1or Jos\u00e9 Sanguineti. Posteriormente ocup\u00f3 la direcci\u00f3n el reconocido maestro, Francisco Su\u00e1rez Gonz\u00e1lez, quien se traslad\u00f3 a la escuela construida especialmente por \u00e9l en Villa Morando, calle Juan de la Piedra. El alumnado ya iba en aumento, por lo que se design\u00f3 una maestra para secundar en las tareas del director. Quiero detenerme y hacer un homenaje al maestro Francisco Su\u00e1rez Gonz\u00e1lez, quien en febrero de 1911 embarc\u00f3 desde Espa\u00f1a hacia la Argentina. En 1915 revalid\u00f3 su t\u00edtulo ante el Consejo Nacional de Educaci\u00f3n y fue en 1926 cuando se lo nombra director de la Escuela Primaria N\u00ba11 de Carmen de Patagones\u201d.<\/p>\n\n\n\n<p>\u201cLa ilustre profesora, do\u00f1a Emma Nozzi, un 11 de septiembre public\u00f3 un amplio escrito extractado por el peri\u00f3dico La Calle, en el cual enaltece la profunda vocaci\u00f3n docente del maestro Su\u00e1rez Gonz\u00e1lez en el que dice: \u201cEra una escuela rancho, con alumnos de escasos recursos, todos hijos de jornaleros. La carencia de recursos era bien visible. Suarez Gonz\u00e1lez compraba el material con sus propios recursos y los distribu\u00eda generosamente; calzados, \u00fatiles escolares, guardapolvos y sosten\u00eda el comedor escolar. Si hab\u00eda un ni\u00f1o enfermo era \u00e9l quien le compraba los medicamentos. Al llegar el fin del ciclo lectivo los alumnos eran despedidos con asados y paquetes de caramelos. No hab\u00eda ex alumnos que no lo haya recordado con profunda veneraci\u00f3n. Su tarea educativa y conducta trascendi\u00f3. Se jubil\u00f3 en 1943 y muri\u00f3 el 28 de julio del a\u00f1o siguiente. El Honorable Concejo Deliberante abri\u00f3 sus puertas para velar sus restos. Carmen de Patagones hab\u00eda perdido a un ser sensible, lo era todo; director, maestro, compa\u00f1ero de sus alumnos. Todos sus desvelos durante 17 a\u00f1os fueron para su escuela y sus ni\u00f1os. Sus alumnos lo quer\u00edan como a un padre. El diario La Nueva Provincia tambi\u00e9n se hizo eco de la despedida de Francisco Suarez Gonz\u00e1lez. En 1979 se da el nombre de Maestro Francisco Gonz\u00e1lez a una de las calles del casco urbano de esta ciudad, se considera la figura m\u00e1s importante en estos 100 a\u00f1os de historia. Se lo reconoci\u00f3 como maestro, padre y amigo, porque la escuela fue un lugar de amparo y apoyo para la ni\u00f1ez, a la par que impart\u00eda ense\u00f1anza prodigaba\u201d, prosigui\u00f3.\u00a0\u00a0<\/p>\n\n\n\n<figure class=\"wp-block-image size-large is-resized\"><img decoding=\"async\" src=\"https:\/\/www.elpolitologoyelpolitico.com.ar\/wp-content\/uploads\/2022\/08\/IMG-20220803-WA0027-461x1024.jpg\" alt=\"\" class=\"wp-image-23002\" width=\"675\" height=\"1499\" srcset=\"https:\/\/www.elpolitologoyelpolitico.com.ar\/wp-content\/uploads\/2022\/08\/IMG-20220803-WA0027-461x1024.jpg 461w, https:\/\/www.elpolitologoyelpolitico.com.ar\/wp-content\/uploads\/2022\/08\/IMG-20220803-WA0027-135x300.jpg 135w, https:\/\/www.elpolitologoyelpolitico.com.ar\/wp-content\/uploads\/2022\/08\/IMG-20220803-WA0027.jpg 576w\" sizes=\"(max-width: 675px) 100vw, 675px\" \/><\/figure>\n\n\n\n<p>Asimismo, cont\u00f3 que \u201cm\u00e1s tarde, el se\u00f1or Ra\u00fal Pozzo Ardizzi fue designado para continuar al frente de la escuela que entonces fue apadrinada, imponi\u00e9ndole el nombre Hip\u00f3lito Irigoyen. En 1951 se cambi\u00f3 por cuarta y \u00faltima vez al lugar que ocupa actualmente. En ese a\u00f1o la escuela contaba con 380 alumnos, por lo cual se fue ampliando gradualmente\u201d.<\/p>\n\n\n\n<p>\u201cEstos 100 a\u00f1os fueron atravesados por innumerables dificultades, la escuela no qued\u00f3 ajena frente a los cambios hist\u00f3ricos. Frente a todas las adversidades, continu\u00f3 recreando una instituci\u00f3n con una clara visi\u00f3n de su importancia para la sociedad con el compromiso y responsabilidad de siempre. Es oportuno agradecer a las personas que hicieron posible la consolidaci\u00f3n de esta escuela. Aquellas que dejaron huellas en la vida de cada ni\u00f1o y ni\u00f1a. Hoy la Escuela Primaria N\u00ba11 contin\u00faa creciendo, fortalecidos desde las experiencias y realizaciones personales colectivas\u201d, afirm\u00f3 Bratulich<\/p>\n\n\n\n<p>Sobre el final de su mensaje, agradeci\u00f3 a todo el personal que se desempe\u00f1a y desempe\u00f1\u00f3 en la instituci\u00f3n, a las familias; por el acompa\u00f1amiento y confianza, a la Prefectura Naval Argentina, que apadrina a la escuela, al Club de Leones, la Cooperadora, y a todos los que participaron de la ceremonia.<\/p>\n\n\n\n<p>\u201cEl presente nos invita a mirar al pasado para continuar sosteniendo la educaci\u00f3n p\u00fablica con gran vocaci\u00f3n, asumiendo con firme convicci\u00f3n que la educaci\u00f3n es el camino, el puente entre este hoy y ese ma\u00f1ana que queremos, con mucho orgullo podemos decir que la Escuela N\u00ba11 \u201cHip\u00f3lito Irigoyen\u201d, de Carmen de Patagones, hoy es una escuela que se elige\u201d, concluy\u00f3 la directora.<\/p>\n\n\n\n<p>La celebraci\u00f3n estuvo acompa\u00f1ada por un gran marco de p\u00fablico donde se unieron varias generaciones que se formaron en la hist\u00f3rica escuela maragata.<\/p>\n\n\n\n<p>El cierre estuvo a cargo de la Escuela de Danzas \u201cLa Esperanza\u201d.<\/p>\n\n\n\n<figure class=\"wp-block-image size-large is-resized\"><img loading=\"lazy\" decoding=\"async\" src=\"https:\/\/www.elpolitologoyelpolitico.com.ar\/wp-content\/uploads\/2022\/08\/IMG-20220803-WA0030-461x1024.jpg\" alt=\"\" class=\"wp-image-23003\" width=\"644\" height=\"1431\" srcset=\"https:\/\/www.elpolitologoyelpolitico.com.ar\/wp-content\/uploads\/2022\/08\/IMG-20220803-WA0030-461x1024.jpg 461w, https:\/\/www.elpolitologoyelpolitico.com.ar\/wp-content\/uploads\/2022\/08\/IMG-20220803-WA0030-135x300.jpg 135w, https:\/\/www.elpolitologoyelpolitico.com.ar\/wp-content\/uploads\/2022\/08\/IMG-20220803-WA0030.jpg 576w\" sizes=\"(max-width: 644px) 100vw, 644px\" \/><\/figure>\n<div class=\"fb-background-color\">\n\t\t\t  <div \n\t\t\t  \tclass = \"fb-comments\" \n\t\t\t  \tdata-href = \"https:\/\/www.elpolitologoyelpolitico.com.ar\/wordpress\/2022\/08\/04\/el-intendente-zara-participo-del-acto-por-el-100-aniversario-de-la-escuela-primaria-n11-hipolito-yrigoyen\/\"\n\t\t\t  \tdata-numposts = \"10\"\n\t\t\t  \tdata-lazy = \"true\"\n\t\t\t\tdata-colorscheme = \"light\"\n\t\t\t\tdata-order-by = \"social\"\n\t\t\t\tdata-mobile=true>\n\t\t\t  <\/div><\/div>\n\t\t  <style>\n\t\t    .fb-background-color {\n\t\t\t\tbackground: #ffffff !important;\n\t\t\t}\n\t\t\t.fb_iframe_widget_fluid_desktop iframe {\n\t\t\t    width: 100% !important;\n\t\t\t}\n\t\t  <\/style>\n\t\t  ","protected":false},"excerpt":{"rendered":"<p>El Intendente Municipal, Ing. Jos\u00e9 Luis Zara, particip\u00f3 este martes de la ceremonia en conmemoraci\u00f3n del centenario de la Escuela Primaria N\u00b011 \u201cHip\u00f3lito Yrigoyen\u201d, de Carmen de Patagones. Estuvo acompa\u00f1ado por el Jefe de Gabinete, Fabio Bettinelli, el Presidente del Consejo Escolar, Paulo Bykaluk, y funcionarios del Gabinete Municipal. Asimismo, se hicieron presentes concejales, docentes [&hellip;]<\/p>\n","protected":false},"author":4,"featured_media":22998,"comment_status":"closed","ping_status":"closed","sticky":false,"template":"","format":"standard","meta":{"_joinchat":[],"footnotes":""},"categories":[39],"tags":[],"class_list":["post-22997","post","type-post","status-publish","format-standard","has-post-thumbnail","hentry","category-en-esta-seccion"],"_links":{"self":[{"href":"https:\/\/www.elpolitologoyelpolitico.com.ar\/wordpress\/wp-json\/wp\/v2\/posts\/22997","targetHints":{"allow":["GET"]}}],"collection":[{"href":"https:\/\/www.elpolitologoyelpolitico.com.ar\/wordpress\/wp-json\/wp\/v2\/posts"}],"about":[{"href":"https:\/\/www.elpolitologoyelpolitico.com.ar\/wordpress\/wp-json\/wp\/v2\/types\/post"}],"author":[{"embeddable":true,"href":"https:\/\/www.elpolitologoyelpolitico.com.ar\/wordpress\/wp-json\/wp\/v2\/users\/4"}],"replies":[{"embeddable":true,"href":"https:\/\/www.elpolitologoyelpolitico.com.ar\/wordpress\/wp-json\/wp\/v2\/comments?post=22997"}],"version-history":[{"count":0,"href":"https:\/\/www.elpolitologoyelpolitico.com.ar\/wordpress\/wp-json\/wp\/v2\/posts\/22997\/revisions"}],"wp:featuredmedia":[{"embeddable":true,"href":"https:\/\/www.elpolitologoyelpolitico.com.ar\/wordpress\/wp-json\/wp\/v2\/media\/22998"}],"wp:attachment":[{"href":"https:\/\/www.elpolitologoyelpolitico.com.ar\/wordpress\/wp-json\/wp\/v2\/media?parent=22997"}],"wp:term":[{"taxonomy":"category","embeddable":true,"href":"https:\/\/www.elpolitologoyelpolitico.com.ar\/wordpress\/wp-json\/wp\/v2\/categories?post=22997"},{"taxonomy":"post_tag","embeddable":true,"href":"https:\/\/www.elpolitologoyelpolitico.com.ar\/wordpress\/wp-json\/wp\/v2\/tags?post=22997"}],"curies":[{"name":"wp","href":"https:\/\/api.w.org\/{rel}","templated":true}]}}