{"id":22985,"date":"2022-08-03T20:57:36","date_gmt":"2022-08-03T20:57:36","guid":{"rendered":"https:\/\/www.elpolitologoyelpolitico.com.ar\/wordpress\/?p=22985"},"modified":"2022-08-03T21:00:19","modified_gmt":"2022-08-03T21:00:19","slug":"%f0%9d%97%94%f0%9d%97%a7%f0%9d%97%98-%f0%9d%97%bf%f0%9d%97%b2%f0%9d%97%b0%f0%9d%97%b9%f0%9d%97%ae%f0%9d%97%ba%f0%9d%97%ae-%f0%9d%97%ae%f0%9d%98%82%f0%9d%97%ba%f0%9d%97%b2%f0%9d%97%bb%f0%9d%98%81","status":"publish","type":"post","link":"https:\/\/www.elpolitologoyelpolitico.com.ar\/wordpress\/2022\/08\/03\/%f0%9d%97%94%f0%9d%97%a7%f0%9d%97%98-%f0%9d%97%bf%f0%9d%97%b2%f0%9d%97%b0%f0%9d%97%b9%f0%9d%97%ae%f0%9d%97%ba%f0%9d%97%ae-%f0%9d%97%ae%f0%9d%98%82%f0%9d%97%ba%f0%9d%97%b2%f0%9d%97%bb%f0%9d%98%81\/","title":{"rendered":"\ud835\uddd4\ud835\udde7\ud835\uddd8 \ud835\uddff\ud835\uddf2\ud835\uddf0\ud835\uddf9\ud835\uddee\ud835\uddfa\ud835\uddee \ud835\uddee\ud835\ude02\ud835\uddfa\ud835\uddf2\ud835\uddfb\ud835\ude01\ud835\uddfc \ud835\ude00\ud835\uddee\ud835\uddf9\ud835\uddee\ud835\uddff\ud835\uddf6\ud835\uddee\ud835\uddf9 \ud835\uddf0\ud835\uddfc\ud835\uddfb \ud835\uddfc\ud835\uddf9\ud835\uddf9\ud835\uddee\ud835\ude00 \ud835\uddfd\ud835\uddfc\ud835\uddfd\ud835\ude02\ud835\uddf9\ud835\uddee\ud835\uddff\ud835\uddf2\ud835\ude00 \ud835\uddf2\ud835\uddfb \ud835\uddd6\ud835\uddee\ud835\ude00\ud835\uddee \ud835\uddf1\ud835\uddf2 \ud835\uddda\ud835\uddfc\ud835\uddef\ud835\uddf6\ud835\uddf2\ud835\uddff\ud835\uddfb\ud835\uddfc"},"content":{"rendered":"\n<p>Con ollas populares instaladas frente a la Casa de Gobierno en Viedma, la Asociaci\u00f3n Trabajadores del Estado (ATE) reclama aumento salarial y rechaza el ajuste que quiere aplicar el Ejecutivo mediante una propuesta que no tiene en cuenta la escalada inflacionaria erosionando el salario de los estatales.&nbsp;<\/p>\n\n\n\n<p>Es as\u00ed que, mediante una conferencia de prensa realizada por el Frente Sindical, el gremio anunci\u00f3 que delegados del sindicato mantendr\u00e1n las protestas tambi\u00e9n durante este jueves en la previa del encuentro paritario que tendr\u00e1 lugar el viernes en el marco de la Funci\u00f3n P\u00fablica.&nbsp;<\/p>\n\n\n\n<p>\u00abPrimero fue Guzm\u00e1n, despu\u00e9s Batakis y ahora Massa, la excusa del gobierno para no asumir el fracaso de su pol\u00edtica salarial en la provincia. Tal vez lleg\u00f3 la hora de empezar a revisar los gastos de la pol\u00edtica en R\u00edo Negro\u00bb, dijo Rodrigo Vicente, secretario general de ATE R\u00edo Negro.\u00a0<\/p>\n\n\n\n<figure class=\"wp-block-gallery has-nested-images columns-default is-cropped wp-block-gallery-1 is-layout-flex wp-block-gallery-is-layout-flex\">\n<figure class=\"wp-block-image size-large\"><img fetchpriority=\"high\" decoding=\"async\" width=\"720\" height=\"480\" data-id=\"22987\" src=\"https:\/\/www.elpolitologoyelpolitico.com.ar\/wp-content\/uploads\/2022\/08\/IMG-20220803-WA0020.jpg\" alt=\"\" class=\"wp-image-22987\" srcset=\"https:\/\/www.elpolitologoyelpolitico.com.ar\/wp-content\/uploads\/2022\/08\/IMG-20220803-WA0020.jpg 720w, https:\/\/www.elpolitologoyelpolitico.com.ar\/wp-content\/uploads\/2022\/08\/IMG-20220803-WA0020-300x200.jpg 300w\" sizes=\"(max-width: 720px) 100vw, 720px\" \/><\/figure>\n\n\n\n<figure class=\"wp-block-image size-large\"><img decoding=\"async\" width=\"720\" height=\"540\" data-id=\"22988\" src=\"https:\/\/www.elpolitologoyelpolitico.com.ar\/wp-content\/uploads\/2022\/08\/IMG-20220803-WA0021.jpg\" alt=\"\" class=\"wp-image-22988\" srcset=\"https:\/\/www.elpolitologoyelpolitico.com.ar\/wp-content\/uploads\/2022\/08\/IMG-20220803-WA0021.jpg 720w, https:\/\/www.elpolitologoyelpolitico.com.ar\/wp-content\/uploads\/2022\/08\/IMG-20220803-WA0021-300x225.jpg 300w\" sizes=\"(max-width: 720px) 100vw, 720px\" \/><\/figure>\n<\/figure>\n\n\n\n<p>Como ya lo ha expresado en distintas oportunidades, incluyendo las contundentes medidas de fuerza llevadas adelante la semana pasada, el gremio objeta la propuesta que combina sumas fijas y porcentajes -el \u00faltimo ofrecimiento fue el de una suma de 2.500 pesos en julio, otra de 4.500 pesos en agosto y un 7% remunerativo y bonificable en setiembre- y reclama un aumento de salario acorde a la inflaci\u00f3n y que ning\u00fan trabajador se ubique bajo la l\u00ednea de pobreza.<\/p>\n\n\n\n<p>Junto con otros puntos, el gremio tambi\u00e9n exige el pago urgente de Indumentaria, el fin de los contratos precarios en el Estado y el pase a planta permanente, convenios colectivos y reg\u00edmenes jubilatorios sectoriales -insalubridad y jubilaci\u00f3n anticipada para sectores de riesgo-, cumplimiento del Decreto 540\/18 (movilidad PSA Educaci\u00f3n), aumento de todos los adicionales sectoriales en los organismos y ministerios del Estado y la creaci\u00f3n del Plus por Calefacci\u00f3n para estatales de la Regi\u00f3n Sur, El Bols\u00f3n y Bariloche.<\/p>\n\n\n\n<figure class=\"wp-block-image size-full\"><img decoding=\"async\" width=\"720\" height=\"480\" src=\"https:\/\/www.elpolitologoyelpolitico.com.ar\/wp-content\/uploads\/2022\/08\/IMG-20220803-WA0022.jpg\" alt=\"\" class=\"wp-image-22989\" srcset=\"https:\/\/www.elpolitologoyelpolitico.com.ar\/wp-content\/uploads\/2022\/08\/IMG-20220803-WA0022.jpg 720w, https:\/\/www.elpolitologoyelpolitico.com.ar\/wp-content\/uploads\/2022\/08\/IMG-20220803-WA0022-300x200.jpg 300w\" sizes=\"(max-width: 720px) 100vw, 720px\" \/><\/figure>\n<div class=\"fb-background-color\">\n\t\t\t  <div \n\t\t\t  \tclass = \"fb-comments\" \n\t\t\t  \tdata-href = \"https:\/\/www.elpolitologoyelpolitico.com.ar\/wordpress\/2022\/08\/03\/%f0%9d%97%94%f0%9d%97%a7%f0%9d%97%98-%f0%9d%97%bf%f0%9d%97%b2%f0%9d%97%b0%f0%9d%97%b9%f0%9d%97%ae%f0%9d%97%ba%f0%9d%97%ae-%f0%9d%97%ae%f0%9d%98%82%f0%9d%97%ba%f0%9d%97%b2%f0%9d%97%bb%f0%9d%98%81\/\"\n\t\t\t  \tdata-numposts = \"10\"\n\t\t\t  \tdata-lazy = \"true\"\n\t\t\t\tdata-colorscheme = \"light\"\n\t\t\t\tdata-order-by = \"social\"\n\t\t\t\tdata-mobile=true>\n\t\t\t  <\/div><\/div>\n\t\t  <style>\n\t\t    .fb-background-color {\n\t\t\t\tbackground: #ffffff !important;\n\t\t\t}\n\t\t\t.fb_iframe_widget_fluid_desktop iframe {\n\t\t\t    width: 100% !important;\n\t\t\t}\n\t\t  <\/style>\n\t\t  ","protected":false},"excerpt":{"rendered":"<p>Con ollas populares instaladas frente a la Casa de Gobierno en Viedma, la Asociaci\u00f3n Trabajadores del Estado (ATE) reclama aumento salarial y rechaza el ajuste que quiere aplicar el Ejecutivo mediante una propuesta que no tiene en cuenta la escalada inflacionaria erosionando el salario de los estatales.&nbsp; Es as\u00ed que, mediante una conferencia de prensa [&hellip;]<\/p>\n","protected":false},"author":4,"featured_media":22986,"comment_status":"closed","ping_status":"closed","sticky":false,"template":"","format":"standard","meta":{"_joinchat":[],"footnotes":""},"categories":[39],"tags":[],"class_list":["post-22985","post","type-post","status-publish","format-standard","has-post-thumbnail","hentry","category-en-esta-seccion"],"_links":{"self":[{"href":"https:\/\/www.elpolitologoyelpolitico.com.ar\/wordpress\/wp-json\/wp\/v2\/posts\/22985","targetHints":{"allow":["GET"]}}],"collection":[{"href":"https:\/\/www.elpolitologoyelpolitico.com.ar\/wordpress\/wp-json\/wp\/v2\/posts"}],"about":[{"href":"https:\/\/www.elpolitologoyelpolitico.com.ar\/wordpress\/wp-json\/wp\/v2\/types\/post"}],"author":[{"embeddable":true,"href":"https:\/\/www.elpolitologoyelpolitico.com.ar\/wordpress\/wp-json\/wp\/v2\/users\/4"}],"replies":[{"embeddable":true,"href":"https:\/\/www.elpolitologoyelpolitico.com.ar\/wordpress\/wp-json\/wp\/v2\/comments?post=22985"}],"version-history":[{"count":0,"href":"https:\/\/www.elpolitologoyelpolitico.com.ar\/wordpress\/wp-json\/wp\/v2\/posts\/22985\/revisions"}],"wp:featuredmedia":[{"embeddable":true,"href":"https:\/\/www.elpolitologoyelpolitico.com.ar\/wordpress\/wp-json\/wp\/v2\/media\/22986"}],"wp:attachment":[{"href":"https:\/\/www.elpolitologoyelpolitico.com.ar\/wordpress\/wp-json\/wp\/v2\/media?parent=22985"}],"wp:term":[{"taxonomy":"category","embeddable":true,"href":"https:\/\/www.elpolitologoyelpolitico.com.ar\/wordpress\/wp-json\/wp\/v2\/categories?post=22985"},{"taxonomy":"post_tag","embeddable":true,"href":"https:\/\/www.elpolitologoyelpolitico.com.ar\/wordpress\/wp-json\/wp\/v2\/tags?post=22985"}],"curies":[{"name":"wp","href":"https:\/\/api.w.org\/{rel}","templated":true}]}}