{"id":22958,"date":"2022-08-03T02:42:38","date_gmt":"2022-08-03T02:42:38","guid":{"rendered":"https:\/\/www.elpolitologoyelpolitico.com.ar\/wordpress\/?p=22958"},"modified":"2022-08-03T02:44:05","modified_gmt":"2022-08-03T02:44:05","slug":"se-viene-una-nueva-sesion-del-concejo-deliberante-de-patagones","status":"publish","type":"post","link":"https:\/\/www.elpolitologoyelpolitico.com.ar\/wordpress\/2022\/08\/03\/se-viene-una-nueva-sesion-del-concejo-deliberante-de-patagones\/","title":{"rendered":"Se viene una nueva Sesi\u00f3n del Concejo Deliberante de Patagones"},"content":{"rendered":"\n<p>Ma\u00f1ana se llevar\u00e1 a cabo la 12\u00b0 Sesi\u00f3n Ordinaria del Honorable Concejo Deliberante.&nbsp;<\/p>\n\n\n\n<p>Son varios los temas que se van a tratar en el organo legislativo y no ser\u00e1 una sesi\u00f3n mas ya que el clima es fuerte por la situaci\u00f3n de la Feria \u201cLa Comarca\u201d, ubicada en la plaza Villarino.&nbsp;<\/p>\n\n\n\n<p>Mientras los Concejales se encuentren sesionando, feriantes y vecinos se van a estar movilizando desde la plaza Villarino hasta la Municipalidad para reclamar la continuidad de la feria en el centro de Patagones.&nbsp;<\/p>\n\n\n\n<p>A continuaci\u00f3n el Orden del D\u00eda para la sesi\u00f3n de ma\u00f1ana <\/p>\n\n\n\n<figure class=\"wp-block-image size-large\"><img fetchpriority=\"high\" decoding=\"async\" width=\"635\" height=\"1024\" src=\"https:\/\/www.elpolitologoyelpolitico.com.ar\/wp-content\/uploads\/2022\/08\/Screenshot_20220802-233857-635x1024.png\" alt=\"\" class=\"wp-image-22960\" srcset=\"https:\/\/www.elpolitologoyelpolitico.com.ar\/wp-content\/uploads\/2022\/08\/Screenshot_20220802-233857-635x1024.png 635w, https:\/\/www.elpolitologoyelpolitico.com.ar\/wp-content\/uploads\/2022\/08\/Screenshot_20220802-233857-186x300.png 186w, https:\/\/www.elpolitologoyelpolitico.com.ar\/wp-content\/uploads\/2022\/08\/Screenshot_20220802-233857.png 703w\" sizes=\"(max-width: 635px) 100vw, 635px\" \/><\/figure>\n\n\n\n<figure class=\"wp-block-image size-large\"><img decoding=\"async\" width=\"618\" height=\"1024\" src=\"https:\/\/www.elpolitologoyelpolitico.com.ar\/wp-content\/uploads\/2022\/08\/Screenshot_20220802-233917-618x1024.png\" alt=\"\" class=\"wp-image-22961\" srcset=\"https:\/\/www.elpolitologoyelpolitico.com.ar\/wp-content\/uploads\/2022\/08\/Screenshot_20220802-233917-618x1024.png 618w, https:\/\/www.elpolitologoyelpolitico.com.ar\/wp-content\/uploads\/2022\/08\/Screenshot_20220802-233917-181x300.png 181w, https:\/\/www.elpolitologoyelpolitico.com.ar\/wp-content\/uploads\/2022\/08\/Screenshot_20220802-233917.png 687w\" sizes=\"(max-width: 618px) 100vw, 618px\" \/><\/figure>\n\n\n\n<figure class=\"wp-block-image size-large\"><img decoding=\"async\" width=\"623\" height=\"1024\" src=\"https:\/\/www.elpolitologoyelpolitico.com.ar\/wp-content\/uploads\/2022\/08\/Screenshot_20220802-233936-623x1024.png\" alt=\"\" class=\"wp-image-22962\" srcset=\"https:\/\/www.elpolitologoyelpolitico.com.ar\/wp-content\/uploads\/2022\/08\/Screenshot_20220802-233936-623x1024.png 623w, https:\/\/www.elpolitologoyelpolitico.com.ar\/wp-content\/uploads\/2022\/08\/Screenshot_20220802-233936-183x300.png 183w, https:\/\/www.elpolitologoyelpolitico.com.ar\/wp-content\/uploads\/2022\/08\/Screenshot_20220802-233936.png 688w\" sizes=\"(max-width: 623px) 100vw, 623px\" \/><\/figure>\n\n\n\n<figure class=\"wp-block-image size-large\"><img loading=\"lazy\" decoding=\"async\" width=\"608\" height=\"1024\" src=\"https:\/\/www.elpolitologoyelpolitico.com.ar\/wp-content\/uploads\/2022\/08\/Screenshot_20220802-233953-608x1024.png\" alt=\"\" class=\"wp-image-22963\" srcset=\"https:\/\/www.elpolitologoyelpolitico.com.ar\/wp-content\/uploads\/2022\/08\/Screenshot_20220802-233953-608x1024.png 608w, https:\/\/www.elpolitologoyelpolitico.com.ar\/wp-content\/uploads\/2022\/08\/Screenshot_20220802-233953-178x300.png 178w, https:\/\/www.elpolitologoyelpolitico.com.ar\/wp-content\/uploads\/2022\/08\/Screenshot_20220802-233953.png 678w\" sizes=\"(max-width: 608px) 100vw, 608px\" \/><\/figure>\n\n\n\n<figure class=\"wp-block-image size-large\"><img loading=\"lazy\" decoding=\"async\" width=\"616\" height=\"1024\" src=\"https:\/\/www.elpolitologoyelpolitico.com.ar\/wp-content\/uploads\/2022\/08\/Screenshot_20220802-234013-616x1024.png\" alt=\"\" class=\"wp-image-22964\" srcset=\"https:\/\/www.elpolitologoyelpolitico.com.ar\/wp-content\/uploads\/2022\/08\/Screenshot_20220802-234013-616x1024.png 616w, https:\/\/www.elpolitologoyelpolitico.com.ar\/wp-content\/uploads\/2022\/08\/Screenshot_20220802-234013-180x300.png 180w, https:\/\/www.elpolitologoyelpolitico.com.ar\/wp-content\/uploads\/2022\/08\/Screenshot_20220802-234013.png 685w\" sizes=\"(max-width: 616px) 100vw, 616px\" \/><\/figure>\n<div class=\"fb-background-color\">\n\t\t\t  <div \n\t\t\t  \tclass = \"fb-comments\" \n\t\t\t  \tdata-href = \"https:\/\/www.elpolitologoyelpolitico.com.ar\/wordpress\/2022\/08\/03\/se-viene-una-nueva-sesion-del-concejo-deliberante-de-patagones\/\"\n\t\t\t  \tdata-numposts = \"10\"\n\t\t\t  \tdata-lazy = \"true\"\n\t\t\t\tdata-colorscheme = \"light\"\n\t\t\t\tdata-order-by = \"social\"\n\t\t\t\tdata-mobile=true>\n\t\t\t  <\/div><\/div>\n\t\t  <style>\n\t\t    .fb-background-color {\n\t\t\t\tbackground: #ffffff !important;\n\t\t\t}\n\t\t\t.fb_iframe_widget_fluid_desktop iframe {\n\t\t\t    width: 100% !important;\n\t\t\t}\n\t\t  <\/style>\n\t\t  ","protected":false},"excerpt":{"rendered":"<p>Ma\u00f1ana se llevar\u00e1 a cabo la 12\u00b0 Sesi\u00f3n Ordinaria del Honorable Concejo Deliberante.&nbsp; Son varios los temas que se van a tratar en el organo legislativo y no ser\u00e1 una sesi\u00f3n mas ya que el clima es fuerte por la situaci\u00f3n de la Feria \u201cLa Comarca\u201d, ubicada en la plaza Villarino.&nbsp; Mientras los Concejales se [&hellip;]<\/p>\n","protected":false},"author":4,"featured_media":22959,"comment_status":"closed","ping_status":"closed","sticky":false,"template":"","format":"standard","meta":{"_joinchat":[],"footnotes":""},"categories":[39],"tags":[],"class_list":["post-22958","post","type-post","status-publish","format-standard","has-post-thumbnail","hentry","category-en-esta-seccion"],"_links":{"self":[{"href":"https:\/\/www.elpolitologoyelpolitico.com.ar\/wordpress\/wp-json\/wp\/v2\/posts\/22958","targetHints":{"allow":["GET"]}}],"collection":[{"href":"https:\/\/www.elpolitologoyelpolitico.com.ar\/wordpress\/wp-json\/wp\/v2\/posts"}],"about":[{"href":"https:\/\/www.elpolitologoyelpolitico.com.ar\/wordpress\/wp-json\/wp\/v2\/types\/post"}],"author":[{"embeddable":true,"href":"https:\/\/www.elpolitologoyelpolitico.com.ar\/wordpress\/wp-json\/wp\/v2\/users\/4"}],"replies":[{"embeddable":true,"href":"https:\/\/www.elpolitologoyelpolitico.com.ar\/wordpress\/wp-json\/wp\/v2\/comments?post=22958"}],"version-history":[{"count":0,"href":"https:\/\/www.elpolitologoyelpolitico.com.ar\/wordpress\/wp-json\/wp\/v2\/posts\/22958\/revisions"}],"wp:featuredmedia":[{"embeddable":true,"href":"https:\/\/www.elpolitologoyelpolitico.com.ar\/wordpress\/wp-json\/wp\/v2\/media\/22959"}],"wp:attachment":[{"href":"https:\/\/www.elpolitologoyelpolitico.com.ar\/wordpress\/wp-json\/wp\/v2\/media?parent=22958"}],"wp:term":[{"taxonomy":"category","embeddable":true,"href":"https:\/\/www.elpolitologoyelpolitico.com.ar\/wordpress\/wp-json\/wp\/v2\/categories?post=22958"},{"taxonomy":"post_tag","embeddable":true,"href":"https:\/\/www.elpolitologoyelpolitico.com.ar\/wordpress\/wp-json\/wp\/v2\/tags?post=22958"}],"curies":[{"name":"wp","href":"https:\/\/api.w.org\/{rel}","templated":true}]}}