{"id":22951,"date":"2022-08-03T02:31:42","date_gmt":"2022-08-03T02:31:42","guid":{"rendered":"https:\/\/www.elpolitologoyelpolitico.com.ar\/wordpress\/?p=22951"},"modified":"2022-08-03T02:32:41","modified_gmt":"2022-08-03T02:32:41","slug":"emprendimientos-rionegrinos-se-lucieron-en-exposiciones-multitudinarias-de-buenos-aires","status":"publish","type":"post","link":"https:\/\/www.elpolitologoyelpolitico.com.ar\/wordpress\/2022\/08\/03\/emprendimientos-rionegrinos-se-lucieron-en-exposiciones-multitudinarias-de-buenos-aires\/","title":{"rendered":"Emprendimientos rionegrinos se lucieron en exposiciones multitudinarias de Buenos Aires"},"content":{"rendered":"\n<p>Representando a la Provincia, en el stand de R\u00edo Negro, distintas Mipymes fueron convocadas por la Agencia CREAR para participar, durante el mes de julio, en dos de las m\u00e1s importantes y grandes exposiciones realizadas en la Rural de Palermo, Buenos Aires.<\/p>\n\n\n\n<p>Se trat\u00f3 del Camino y Sabores en su 16\u00ba edici\u00f3n y la 134\u00ba Exposici\u00f3n de Ganader\u00eda, Agricultura e Industria Internacional, que se llev\u00f3 adelante en el predio ferial de Palermo, donde distintos productores, productoras y emprendimientos gastron\u00f3micos representaron los sabores y el trabajo que identifica a la provincia.<\/p>\n\n\n\n<p>En este contexto, la Agencia CREAR acompa\u00f1\u00f3 a las Mipymes rionegrinas en el desaf\u00edo de participar de dos exposiciones tan multitudinarias y convocantes, recurso que les permiti\u00f3 potenciar e impulsar nuevos canales de comercializaci\u00f3n.<\/p>\n\n\n\n<p>La Provincia, que sigue poniendo de relieve la cadena de valor de cada emprendimiento regional para acompa\u00f1ar el desarrollo econ\u00f3mico con empresas a nivel nacional, impuls\u00f3 durante ambos eventos la pasi\u00f3n por sus proyectos y el dinamismo de las econom\u00edas regionales, brind\u00e1ndoles no s\u00f3lo un espacio para exhibir y comercializar sus productos, sino tambi\u00e9n la posibilidad de conocer oportunidades comerciales, al participar de&nbsp; ciclos de reuniones con referentes de empresas para pymes.<\/p>\n\n\n\n<p>La gastronom\u00eda y las artesan\u00edas rionegrinas de 45 emprendimientos durante Caminos y Sabores, y 23 durante la Expo Rural, conquistaron al p\u00fablico del Gran Mercado Argentino con sus manzanas, jugos naturales, frutos secos, chocolates, encurtidos, escabeches de mariscos, chacinados de animales no tradicionales, infusiones, gin, vino y cerveza, y artesan\u00edas como cer\u00e1mica, madera y telares.<\/p>\n\n\n\n<p>Por su parte la Expo Rural culmin\u00f3 el domingo pasado, donde m\u00e1s de 1.000.000 de personas disfrutaron de Palermo 2022, luego de dos a\u00f1os de ausencia. Los visitantes agotaron el stock de la mayor\u00eda de los productores y productoras rionegrinas.<\/p>\n\n\n\n<figure class=\"wp-block-gallery has-nested-images columns-default is-cropped wp-block-gallery-1 is-layout-flex wp-block-gallery-is-layout-flex\">\n<figure class=\"wp-block-image size-large\"><img fetchpriority=\"high\" decoding=\"async\" width=\"1024\" height=\"682\" data-id=\"22953\" src=\"https:\/\/www.elpolitologoyelpolitico.com.ar\/wp-content\/uploads\/2022\/08\/IMG-20220802-WA0015-1024x682.jpg\" alt=\"\" class=\"wp-image-22953\" srcset=\"https:\/\/www.elpolitologoyelpolitico.com.ar\/wp-content\/uploads\/2022\/08\/IMG-20220802-WA0015-1024x682.jpg 1024w, https:\/\/www.elpolitologoyelpolitico.com.ar\/wp-content\/uploads\/2022\/08\/IMG-20220802-WA0015-300x200.jpg 300w, https:\/\/www.elpolitologoyelpolitico.com.ar\/wp-content\/uploads\/2022\/08\/IMG-20220802-WA0015-768x512.jpg 768w, https:\/\/www.elpolitologoyelpolitico.com.ar\/wp-content\/uploads\/2022\/08\/IMG-20220802-WA0015.jpg 1280w\" sizes=\"(max-width: 1024px) 100vw, 1024px\" \/><\/figure>\n\n\n\n<figure class=\"wp-block-image size-large\"><img decoding=\"async\" width=\"1024\" height=\"710\" data-id=\"22954\" src=\"https:\/\/www.elpolitologoyelpolitico.com.ar\/wp-content\/uploads\/2022\/08\/IMG-20220802-WA0017-1024x710.jpg\" alt=\"\" class=\"wp-image-22954\" srcset=\"https:\/\/www.elpolitologoyelpolitico.com.ar\/wp-content\/uploads\/2022\/08\/IMG-20220802-WA0017-1024x710.jpg 1024w, https:\/\/www.elpolitologoyelpolitico.com.ar\/wp-content\/uploads\/2022\/08\/IMG-20220802-WA0017-300x208.jpg 300w, https:\/\/www.elpolitologoyelpolitico.com.ar\/wp-content\/uploads\/2022\/08\/IMG-20220802-WA0017-768x533.jpg 768w, https:\/\/www.elpolitologoyelpolitico.com.ar\/wp-content\/uploads\/2022\/08\/IMG-20220802-WA0017.jpg 1080w\" sizes=\"(max-width: 1024px) 100vw, 1024px\" \/><\/figure>\n\n\n\n<figure class=\"wp-block-image size-large\"><img decoding=\"async\" width=\"1024\" height=\"682\" data-id=\"22955\" src=\"https:\/\/www.elpolitologoyelpolitico.com.ar\/wp-content\/uploads\/2022\/08\/IMG-20220802-WA0016-1024x682.jpg\" alt=\"\" class=\"wp-image-22955\" srcset=\"https:\/\/www.elpolitologoyelpolitico.com.ar\/wp-content\/uploads\/2022\/08\/IMG-20220802-WA0016-1024x682.jpg 1024w, https:\/\/www.elpolitologoyelpolitico.com.ar\/wp-content\/uploads\/2022\/08\/IMG-20220802-WA0016-300x200.jpg 300w, https:\/\/www.elpolitologoyelpolitico.com.ar\/wp-content\/uploads\/2022\/08\/IMG-20220802-WA0016-768x512.jpg 768w, https:\/\/www.elpolitologoyelpolitico.com.ar\/wp-content\/uploads\/2022\/08\/IMG-20220802-WA0016.jpg 1280w\" sizes=\"(max-width: 1024px) 100vw, 1024px\" \/><\/figure>\n<\/figure>\n<div class=\"fb-background-color\">\n\t\t\t  <div \n\t\t\t  \tclass = \"fb-comments\" \n\t\t\t  \tdata-href = \"https:\/\/www.elpolitologoyelpolitico.com.ar\/wordpress\/2022\/08\/03\/emprendimientos-rionegrinos-se-lucieron-en-exposiciones-multitudinarias-de-buenos-aires\/\"\n\t\t\t  \tdata-numposts = \"10\"\n\t\t\t  \tdata-lazy = \"true\"\n\t\t\t\tdata-colorscheme = \"light\"\n\t\t\t\tdata-order-by = \"social\"\n\t\t\t\tdata-mobile=true>\n\t\t\t  <\/div><\/div>\n\t\t  <style>\n\t\t    .fb-background-color {\n\t\t\t\tbackground: #ffffff !important;\n\t\t\t}\n\t\t\t.fb_iframe_widget_fluid_desktop iframe {\n\t\t\t    width: 100% !important;\n\t\t\t}\n\t\t  <\/style>\n\t\t  ","protected":false},"excerpt":{"rendered":"<p>Representando a la Provincia, en el stand de R\u00edo Negro, distintas Mipymes fueron convocadas por la Agencia CREAR para participar, durante el mes de julio, en dos de las m\u00e1s importantes y grandes exposiciones realizadas en la Rural de Palermo, Buenos Aires. Se trat\u00f3 del Camino y Sabores en su 16\u00ba edici\u00f3n y la 134\u00ba [&hellip;]<\/p>\n","protected":false},"author":4,"featured_media":22952,"comment_status":"closed","ping_status":"closed","sticky":false,"template":"","format":"standard","meta":{"_joinchat":[],"footnotes":""},"categories":[39],"tags":[],"class_list":["post-22951","post","type-post","status-publish","format-standard","has-post-thumbnail","hentry","category-en-esta-seccion"],"_links":{"self":[{"href":"https:\/\/www.elpolitologoyelpolitico.com.ar\/wordpress\/wp-json\/wp\/v2\/posts\/22951","targetHints":{"allow":["GET"]}}],"collection":[{"href":"https:\/\/www.elpolitologoyelpolitico.com.ar\/wordpress\/wp-json\/wp\/v2\/posts"}],"about":[{"href":"https:\/\/www.elpolitologoyelpolitico.com.ar\/wordpress\/wp-json\/wp\/v2\/types\/post"}],"author":[{"embeddable":true,"href":"https:\/\/www.elpolitologoyelpolitico.com.ar\/wordpress\/wp-json\/wp\/v2\/users\/4"}],"replies":[{"embeddable":true,"href":"https:\/\/www.elpolitologoyelpolitico.com.ar\/wordpress\/wp-json\/wp\/v2\/comments?post=22951"}],"version-history":[{"count":0,"href":"https:\/\/www.elpolitologoyelpolitico.com.ar\/wordpress\/wp-json\/wp\/v2\/posts\/22951\/revisions"}],"wp:featuredmedia":[{"embeddable":true,"href":"https:\/\/www.elpolitologoyelpolitico.com.ar\/wordpress\/wp-json\/wp\/v2\/media\/22952"}],"wp:attachment":[{"href":"https:\/\/www.elpolitologoyelpolitico.com.ar\/wordpress\/wp-json\/wp\/v2\/media?parent=22951"}],"wp:term":[{"taxonomy":"category","embeddable":true,"href":"https:\/\/www.elpolitologoyelpolitico.com.ar\/wordpress\/wp-json\/wp\/v2\/categories?post=22951"},{"taxonomy":"post_tag","embeddable":true,"href":"https:\/\/www.elpolitologoyelpolitico.com.ar\/wordpress\/wp-json\/wp\/v2\/tags?post=22951"}],"curies":[{"name":"wp","href":"https:\/\/api.w.org\/{rel}","templated":true}]}}