{"id":22947,"date":"2022-08-03T02:02:46","date_gmt":"2022-08-03T02:02:46","guid":{"rendered":"https:\/\/www.elpolitologoyelpolitico.com.ar\/wordpress\/?p=22947"},"modified":"2022-08-03T02:03:29","modified_gmt":"2022-08-03T02:03:29","slug":"la-filarmonica-rinde-homenaje-a-angel-hechenleitner-en-el-centro-cultural","status":"publish","type":"post","link":"https:\/\/www.elpolitologoyelpolitico.com.ar\/wordpress\/2022\/08\/03\/la-filarmonica-rinde-homenaje-a-angel-hechenleitner-en-el-centro-cultural\/","title":{"rendered":"La Filarm\u00f3nica rinde homenaje a \u00c1ngel Hechenleitner en el Centro Cultural"},"content":{"rendered":"\n<p>Con la participaci\u00f3n de numerosos artistas invitados, la Orquesta Filarm\u00f3nica se presentar\u00e1 este viernes 5 de agosto a las 21 con un concierto homenaje al cumplirse un a\u00f1o de la partida del folklorista \u00c1ngel Hechenleitner.&nbsp;<\/p>\n\n\n\n<p>La presentaci\u00f3n ser\u00e1 con entrada libre y gratuita en el Centro Municipal de Cultura con la colaboraci\u00f3n y acompa\u00f1amiento de la familia del querido m\u00fasico.<\/p>\n\n\n\n<p>El espectaculo cuenta con la direcci\u00f3n art\u00edstica y musical del Maestro Mart\u00edn Fraile Milstein, con la participaci\u00f3n de Carlos Martinez y Mart\u00edn Skrt en guitarra, la narraci\u00f3n de textos por parte de Carlos Espinosa y la participaci\u00f3n de la Coral del R\u00edo Negro, dirigida por Anibal Garc\u00eda.<\/p>\n\n\n\n<p>El concierto har\u00e1 un recorrido por la obra del m\u00fasico, donde no faltar\u00e1 Triunfo de lejan\u00edas, Riendas viejas, Milonga del viento, El trampeao entre otras, adaptadas para guitarra, coro y orquesta de cuerdas.<\/p>\n\n\n\n<p>Hechenleitner naci\u00f3 y se cri\u00f3 en Carmen de Patagones, tuvo una larga trayectoria y una gran pasi\u00f3n por el rescate de las costumbres, con giras por M\u00e9xico, Chile y diversos puntos de la Argentina. Realiz\u00f3 trabajo de campo de recopilaci\u00f3n para otros m\u00fasicos, haciendo transcripciones y rescatando dichos y canciones del m\u00e1s puro folklore.<\/p>\n\n\n\n<p>Estas presentaciones son llevadas adelante entre el gobierno de Viedma y la Secretar\u00eda de Estado de Cultura y a trav\u00e9s de diferentes acuerdos de colaboraci\u00f3n firmados durante el 2022.<\/p>\n<div class=\"fb-background-color\">\n\t\t\t  <div \n\t\t\t  \tclass = \"fb-comments\" \n\t\t\t  \tdata-href = \"https:\/\/www.elpolitologoyelpolitico.com.ar\/wordpress\/2022\/08\/03\/la-filarmonica-rinde-homenaje-a-angel-hechenleitner-en-el-centro-cultural\/\"\n\t\t\t  \tdata-numposts = \"10\"\n\t\t\t  \tdata-lazy = \"true\"\n\t\t\t\tdata-colorscheme = \"light\"\n\t\t\t\tdata-order-by = \"social\"\n\t\t\t\tdata-mobile=true>\n\t\t\t  <\/div><\/div>\n\t\t  <style>\n\t\t    .fb-background-color {\n\t\t\t\tbackground: #ffffff !important;\n\t\t\t}\n\t\t\t.fb_iframe_widget_fluid_desktop iframe {\n\t\t\t    width: 100% !important;\n\t\t\t}\n\t\t  <\/style>\n\t\t  ","protected":false},"excerpt":{"rendered":"<p>Con la participaci\u00f3n de numerosos artistas invitados, la Orquesta Filarm\u00f3nica se presentar\u00e1 este viernes 5 de agosto a las 21 con un concierto homenaje al cumplirse un a\u00f1o de la partida del folklorista \u00c1ngel Hechenleitner.&nbsp; La presentaci\u00f3n ser\u00e1 con entrada libre y gratuita en el Centro Municipal de Cultura con la colaboraci\u00f3n y acompa\u00f1amiento de [&hellip;]<\/p>\n","protected":false},"author":4,"featured_media":22948,"comment_status":"closed","ping_status":"closed","sticky":false,"template":"","format":"standard","meta":{"_joinchat":[],"footnotes":""},"categories":[39],"tags":[],"class_list":["post-22947","post","type-post","status-publish","format-standard","has-post-thumbnail","hentry","category-en-esta-seccion"],"_links":{"self":[{"href":"https:\/\/www.elpolitologoyelpolitico.com.ar\/wordpress\/wp-json\/wp\/v2\/posts\/22947","targetHints":{"allow":["GET"]}}],"collection":[{"href":"https:\/\/www.elpolitologoyelpolitico.com.ar\/wordpress\/wp-json\/wp\/v2\/posts"}],"about":[{"href":"https:\/\/www.elpolitologoyelpolitico.com.ar\/wordpress\/wp-json\/wp\/v2\/types\/post"}],"author":[{"embeddable":true,"href":"https:\/\/www.elpolitologoyelpolitico.com.ar\/wordpress\/wp-json\/wp\/v2\/users\/4"}],"replies":[{"embeddable":true,"href":"https:\/\/www.elpolitologoyelpolitico.com.ar\/wordpress\/wp-json\/wp\/v2\/comments?post=22947"}],"version-history":[{"count":0,"href":"https:\/\/www.elpolitologoyelpolitico.com.ar\/wordpress\/wp-json\/wp\/v2\/posts\/22947\/revisions"}],"wp:featuredmedia":[{"embeddable":true,"href":"https:\/\/www.elpolitologoyelpolitico.com.ar\/wordpress\/wp-json\/wp\/v2\/media\/22948"}],"wp:attachment":[{"href":"https:\/\/www.elpolitologoyelpolitico.com.ar\/wordpress\/wp-json\/wp\/v2\/media?parent=22947"}],"wp:term":[{"taxonomy":"category","embeddable":true,"href":"https:\/\/www.elpolitologoyelpolitico.com.ar\/wordpress\/wp-json\/wp\/v2\/categories?post=22947"},{"taxonomy":"post_tag","embeddable":true,"href":"https:\/\/www.elpolitologoyelpolitico.com.ar\/wordpress\/wp-json\/wp\/v2\/tags?post=22947"}],"curies":[{"name":"wp","href":"https:\/\/api.w.org\/{rel}","templated":true}]}}