{"id":22943,"date":"2022-08-03T01:27:28","date_gmt":"2022-08-03T01:27:28","guid":{"rendered":"https:\/\/www.elpolitologoyelpolitico.com.ar\/wordpress\/?p=22943"},"modified":"2022-08-03T01:52:01","modified_gmt":"2022-08-03T01:52:01","slug":"zara-realizo-gestiones-por-viviendas-ante-la-provincia","status":"publish","type":"post","link":"https:\/\/www.elpolitologoyelpolitico.com.ar\/wordpress\/2022\/08\/03\/zara-realizo-gestiones-por-viviendas-ante-la-provincia\/","title":{"rendered":"Zara realiz\u00f3 gestiones por viviendas ante la Provincia"},"content":{"rendered":"\n<p>El Intendente Municipal, Jos\u00e9 Luis Zara, se reuni\u00f3 con el Subsecretario de Ejecuci\u00f3n de Obras de Desarrollo Urbano y Vivienda, Gerardo Tarchinale.&nbsp;<\/p>\n\n\n\n<p>Dialogaron sobre las 79 viviendas que est\u00e1n en ejecuci\u00f3n en Carmen de Patagones y que se llevan adelante con el aporte del gobierno Nacional y Provincial.<\/p>\n\n\n\n<p>Adem\u00e1s, analizaron la obra de las pr\u00f3ximas 26 viviendas que se llevar\u00e1n a cabo en una segunda etapa, con fondos del Gobierno Provincial.<\/p>\n<div class=\"fb-background-color\">\n\t\t\t  <div \n\t\t\t  \tclass = \"fb-comments\" \n\t\t\t  \tdata-href = \"https:\/\/www.elpolitologoyelpolitico.com.ar\/wordpress\/2022\/08\/03\/zara-realizo-gestiones-por-viviendas-ante-la-provincia\/\"\n\t\t\t  \tdata-numposts = \"10\"\n\t\t\t  \tdata-lazy = \"true\"\n\t\t\t\tdata-colorscheme = \"light\"\n\t\t\t\tdata-order-by = \"social\"\n\t\t\t\tdata-mobile=true>\n\t\t\t  <\/div><\/div>\n\t\t  <style>\n\t\t    .fb-background-color {\n\t\t\t\tbackground: #ffffff !important;\n\t\t\t}\n\t\t\t.fb_iframe_widget_fluid_desktop iframe {\n\t\t\t    width: 100% !important;\n\t\t\t}\n\t\t  <\/style>\n\t\t  ","protected":false},"excerpt":{"rendered":"<p>El Intendente Municipal, Jos\u00e9 Luis Zara, se reuni\u00f3 con el Subsecretario de Ejecuci\u00f3n de Obras de Desarrollo Urbano y Vivienda, Gerardo Tarchinale.&nbsp; Dialogaron sobre las 79 viviendas que est\u00e1n en ejecuci\u00f3n en Carmen de Patagones y que se llevan adelante con el aporte del gobierno Nacional y Provincial. Adem\u00e1s, analizaron la obra de las pr\u00f3ximas [&hellip;]<\/p>\n","protected":false},"author":4,"featured_media":22944,"comment_status":"closed","ping_status":"closed","sticky":false,"template":"","format":"standard","meta":{"_joinchat":[],"footnotes":""},"categories":[4],"tags":[],"class_list":["post-22943","post","type-post","status-publish","format-standard","has-post-thumbnail","hentry","category-politicas-publicas"],"_links":{"self":[{"href":"https:\/\/www.elpolitologoyelpolitico.com.ar\/wordpress\/wp-json\/wp\/v2\/posts\/22943","targetHints":{"allow":["GET"]}}],"collection":[{"href":"https:\/\/www.elpolitologoyelpolitico.com.ar\/wordpress\/wp-json\/wp\/v2\/posts"}],"about":[{"href":"https:\/\/www.elpolitologoyelpolitico.com.ar\/wordpress\/wp-json\/wp\/v2\/types\/post"}],"author":[{"embeddable":true,"href":"https:\/\/www.elpolitologoyelpolitico.com.ar\/wordpress\/wp-json\/wp\/v2\/users\/4"}],"replies":[{"embeddable":true,"href":"https:\/\/www.elpolitologoyelpolitico.com.ar\/wordpress\/wp-json\/wp\/v2\/comments?post=22943"}],"version-history":[{"count":0,"href":"https:\/\/www.elpolitologoyelpolitico.com.ar\/wordpress\/wp-json\/wp\/v2\/posts\/22943\/revisions"}],"wp:featuredmedia":[{"embeddable":true,"href":"https:\/\/www.elpolitologoyelpolitico.com.ar\/wordpress\/wp-json\/wp\/v2\/media\/22944"}],"wp:attachment":[{"href":"https:\/\/www.elpolitologoyelpolitico.com.ar\/wordpress\/wp-json\/wp\/v2\/media?parent=22943"}],"wp:term":[{"taxonomy":"category","embeddable":true,"href":"https:\/\/www.elpolitologoyelpolitico.com.ar\/wordpress\/wp-json\/wp\/v2\/categories?post=22943"},{"taxonomy":"post_tag","embeddable":true,"href":"https:\/\/www.elpolitologoyelpolitico.com.ar\/wordpress\/wp-json\/wp\/v2\/tags?post=22943"}],"curies":[{"name":"wp","href":"https:\/\/api.w.org\/{rel}","templated":true}]}}