{"id":22939,"date":"2022-08-03T01:09:32","date_gmt":"2022-08-03T01:09:32","guid":{"rendered":"https:\/\/www.elpolitologoyelpolitico.com.ar\/wordpress\/?p=22939"},"modified":"2022-08-03T01:10:10","modified_gmt":"2022-08-03T01:10:10","slug":"el-gobierno-amplia-el-pago-del-riesgo-no-medico-al-personal-del-ministerio-de-salud","status":"publish","type":"post","link":"https:\/\/www.elpolitologoyelpolitico.com.ar\/wordpress\/2022\/08\/03\/el-gobierno-amplia-el-pago-del-riesgo-no-medico-al-personal-del-ministerio-de-salud\/","title":{"rendered":"El Gobierno ampl\u00eda el pago del \u201cRiesgo No M\u00e9dico\u201d al personal del Ministerio de Salud"},"content":{"rendered":"\n<p>El Gobierno de R\u00edo Negro confirm\u00f3 hoy que ampliar\u00e1 el pago del adicional \u201cRiesgo No M\u00e9dico\u201d a todos los agentes del Ministerio de Salud de la Provincia. Este incremento representa el 7% de la asignaci\u00f3n b\u00e1sica bruta de los salarios.<\/p>\n\n\n\n<p>Actualmente este adicional era percibido por enfermeros, profesionales, t\u00e9cnicos y agentes de la ley 1844 en Salud que prestan servicios en hospitales y centros de salud con atenci\u00f3n al paciente, pero a partir de un requerimiento del gremio ATE, el Gobierno decidi\u00f3 ampliar su cobertura y llegar a la totalidad de los empleados del Ministerio de Salud, incluyendo a los administrativos.<\/p>\n\n\n\n<p>Esta medida alcanza a 300 trabajadoras y trabajadores de la cartera sanitaria provincial. El pago de este adicional se concretar\u00e1 una vez que se alcance un acuerdo en la pauta salarial con los gremios estatales en la Mesa de la Funci\u00f3n P\u00fablica.<\/p>\n<div class=\"fb-background-color\">\n\t\t\t  <div \n\t\t\t  \tclass = \"fb-comments\" \n\t\t\t  \tdata-href = \"https:\/\/www.elpolitologoyelpolitico.com.ar\/wordpress\/2022\/08\/03\/el-gobierno-amplia-el-pago-del-riesgo-no-medico-al-personal-del-ministerio-de-salud\/\"\n\t\t\t  \tdata-numposts = \"10\"\n\t\t\t  \tdata-lazy = \"true\"\n\t\t\t\tdata-colorscheme = \"light\"\n\t\t\t\tdata-order-by = \"social\"\n\t\t\t\tdata-mobile=true>\n\t\t\t  <\/div><\/div>\n\t\t  <style>\n\t\t    .fb-background-color {\n\t\t\t\tbackground: #ffffff !important;\n\t\t\t}\n\t\t\t.fb_iframe_widget_fluid_desktop iframe {\n\t\t\t    width: 100% !important;\n\t\t\t}\n\t\t  <\/style>\n\t\t  ","protected":false},"excerpt":{"rendered":"<p>El Gobierno de R\u00edo Negro confirm\u00f3 hoy que ampliar\u00e1 el pago del adicional \u201cRiesgo No M\u00e9dico\u201d a todos los agentes del Ministerio de Salud de la Provincia. Este incremento representa el 7% de la asignaci\u00f3n b\u00e1sica bruta de los salarios. Actualmente este adicional era percibido por enfermeros, profesionales, t\u00e9cnicos y agentes de la ley 1844 [&hellip;]<\/p>\n","protected":false},"author":4,"featured_media":22940,"comment_status":"closed","ping_status":"closed","sticky":false,"template":"","format":"standard","meta":{"_joinchat":[],"footnotes":""},"categories":[4],"tags":[],"class_list":["post-22939","post","type-post","status-publish","format-standard","has-post-thumbnail","hentry","category-politicas-publicas"],"_links":{"self":[{"href":"https:\/\/www.elpolitologoyelpolitico.com.ar\/wordpress\/wp-json\/wp\/v2\/posts\/22939","targetHints":{"allow":["GET"]}}],"collection":[{"href":"https:\/\/www.elpolitologoyelpolitico.com.ar\/wordpress\/wp-json\/wp\/v2\/posts"}],"about":[{"href":"https:\/\/www.elpolitologoyelpolitico.com.ar\/wordpress\/wp-json\/wp\/v2\/types\/post"}],"author":[{"embeddable":true,"href":"https:\/\/www.elpolitologoyelpolitico.com.ar\/wordpress\/wp-json\/wp\/v2\/users\/4"}],"replies":[{"embeddable":true,"href":"https:\/\/www.elpolitologoyelpolitico.com.ar\/wordpress\/wp-json\/wp\/v2\/comments?post=22939"}],"version-history":[{"count":0,"href":"https:\/\/www.elpolitologoyelpolitico.com.ar\/wordpress\/wp-json\/wp\/v2\/posts\/22939\/revisions"}],"wp:featuredmedia":[{"embeddable":true,"href":"https:\/\/www.elpolitologoyelpolitico.com.ar\/wordpress\/wp-json\/wp\/v2\/media\/22940"}],"wp:attachment":[{"href":"https:\/\/www.elpolitologoyelpolitico.com.ar\/wordpress\/wp-json\/wp\/v2\/media?parent=22939"}],"wp:term":[{"taxonomy":"category","embeddable":true,"href":"https:\/\/www.elpolitologoyelpolitico.com.ar\/wordpress\/wp-json\/wp\/v2\/categories?post=22939"},{"taxonomy":"post_tag","embeddable":true,"href":"https:\/\/www.elpolitologoyelpolitico.com.ar\/wordpress\/wp-json\/wp\/v2\/tags?post=22939"}],"curies":[{"name":"wp","href":"https:\/\/api.w.org\/{rel}","templated":true}]}}