{"id":22933,"date":"2022-08-03T01:01:08","date_gmt":"2022-08-03T01:01:08","guid":{"rendered":"https:\/\/www.elpolitologoyelpolitico.com.ar\/wordpress\/?p=22933"},"modified":"2022-08-03T01:01:36","modified_gmt":"2022-08-03T01:01:36","slug":"el-gobierno-de-viedma-secuestro-varios-vehiculos-por-severas-infracciones","status":"publish","type":"post","link":"https:\/\/www.elpolitologoyelpolitico.com.ar\/wordpress\/2022\/08\/03\/el-gobierno-de-viedma-secuestro-varios-vehiculos-por-severas-infracciones\/","title":{"rendered":"El Gobierno de Viedma secuestr\u00f3 varios veh\u00edculos por severas infracciones"},"content":{"rendered":"\n<p>Varios operativos de tr\u00e1nsito se llevaron a cabo este \u00faltimo fin de semana, con el objetivo de garantizar la seguridad vial en los principales puntos de la ciudad.<\/p>\n\n\n\n<p>Los procedimientos fueron encabezados por la Agencia Local de Seguridad Vial, dependiente del gobierno de Viedma, y se realizaron en la zona de la Costanera y en la rotonda que une la avenida Per\u00f3n con la calle \u00c1lvaro Barros, entre otros lugares con masiva concurrencia.<\/p>\n\n\n\n<p>Producto de los operativos, se secuestraron un total de ocho veh\u00edculos: cuatro motos y cuatro autos.<\/p>\n\n\n\n<p>El titular de la Agencia de Seguridad Vial Jorge Vilca inform\u00f3 que la mitad de los veh\u00edculos secuestrados fue a raz\u00f3n de la falta de documentaci\u00f3n, y la mitad restante por presentar sus conductores alcoholemia positiva.<\/p>\n\n\n\n<p>Vilca reconoci\u00f3 adem\u00e1s el trabajo conjunto con el personal de la Comisar\u00eda 34 del barrio 20 de Junio, el Departamento de Sustracci\u00f3n de Automotores y la Comisar\u00eda Primera.<\/p>\n\n\n\n<figure class=\"wp-block-gallery has-nested-images columns-default is-cropped wp-block-gallery-1 is-layout-flex wp-block-gallery-is-layout-flex\">\n<figure class=\"wp-block-image size-large\"><img fetchpriority=\"high\" decoding=\"async\" width=\"720\" height=\"540\" data-id=\"22935\" src=\"https:\/\/www.elpolitologoyelpolitico.com.ar\/wp-content\/uploads\/2022\/08\/IMG-20220802-WA0010.jpg\" alt=\"\" class=\"wp-image-22935\" srcset=\"https:\/\/www.elpolitologoyelpolitico.com.ar\/wp-content\/uploads\/2022\/08\/IMG-20220802-WA0010.jpg 720w, https:\/\/www.elpolitologoyelpolitico.com.ar\/wp-content\/uploads\/2022\/08\/IMG-20220802-WA0010-300x225.jpg 300w\" sizes=\"(max-width: 720px) 100vw, 720px\" \/><\/figure>\n\n\n\n<figure class=\"wp-block-image size-large\"><img decoding=\"async\" width=\"720\" height=\"540\" data-id=\"22936\" src=\"https:\/\/www.elpolitologoyelpolitico.com.ar\/wp-content\/uploads\/2022\/08\/IMG-20220802-WA0009.jpg\" alt=\"\" class=\"wp-image-22936\" srcset=\"https:\/\/www.elpolitologoyelpolitico.com.ar\/wp-content\/uploads\/2022\/08\/IMG-20220802-WA0009.jpg 720w, https:\/\/www.elpolitologoyelpolitico.com.ar\/wp-content\/uploads\/2022\/08\/IMG-20220802-WA0009-300x225.jpg 300w\" sizes=\"(max-width: 720px) 100vw, 720px\" \/><\/figure>\n<\/figure>\n<div class=\"fb-background-color\">\n\t\t\t  <div \n\t\t\t  \tclass = \"fb-comments\" \n\t\t\t  \tdata-href = \"https:\/\/www.elpolitologoyelpolitico.com.ar\/wordpress\/2022\/08\/03\/el-gobierno-de-viedma-secuestro-varios-vehiculos-por-severas-infracciones\/\"\n\t\t\t  \tdata-numposts = \"10\"\n\t\t\t  \tdata-lazy = \"true\"\n\t\t\t\tdata-colorscheme = \"light\"\n\t\t\t\tdata-order-by = \"social\"\n\t\t\t\tdata-mobile=true>\n\t\t\t  <\/div><\/div>\n\t\t  <style>\n\t\t    .fb-background-color {\n\t\t\t\tbackground: #ffffff !important;\n\t\t\t}\n\t\t\t.fb_iframe_widget_fluid_desktop iframe {\n\t\t\t    width: 100% !important;\n\t\t\t}\n\t\t  <\/style>\n\t\t  ","protected":false},"excerpt":{"rendered":"<p>Varios operativos de tr\u00e1nsito se llevaron a cabo este \u00faltimo fin de semana, con el objetivo de garantizar la seguridad vial en los principales puntos de la ciudad. Los procedimientos fueron encabezados por la Agencia Local de Seguridad Vial, dependiente del gobierno de Viedma, y se realizaron en la zona de la Costanera y en [&hellip;]<\/p>\n","protected":false},"author":4,"featured_media":22934,"comment_status":"closed","ping_status":"closed","sticky":false,"template":"","format":"standard","meta":{"_joinchat":[],"footnotes":""},"categories":[4],"tags":[],"class_list":["post-22933","post","type-post","status-publish","format-standard","has-post-thumbnail","hentry","category-politicas-publicas"],"_links":{"self":[{"href":"https:\/\/www.elpolitologoyelpolitico.com.ar\/wordpress\/wp-json\/wp\/v2\/posts\/22933","targetHints":{"allow":["GET"]}}],"collection":[{"href":"https:\/\/www.elpolitologoyelpolitico.com.ar\/wordpress\/wp-json\/wp\/v2\/posts"}],"about":[{"href":"https:\/\/www.elpolitologoyelpolitico.com.ar\/wordpress\/wp-json\/wp\/v2\/types\/post"}],"author":[{"embeddable":true,"href":"https:\/\/www.elpolitologoyelpolitico.com.ar\/wordpress\/wp-json\/wp\/v2\/users\/4"}],"replies":[{"embeddable":true,"href":"https:\/\/www.elpolitologoyelpolitico.com.ar\/wordpress\/wp-json\/wp\/v2\/comments?post=22933"}],"version-history":[{"count":0,"href":"https:\/\/www.elpolitologoyelpolitico.com.ar\/wordpress\/wp-json\/wp\/v2\/posts\/22933\/revisions"}],"wp:featuredmedia":[{"embeddable":true,"href":"https:\/\/www.elpolitologoyelpolitico.com.ar\/wordpress\/wp-json\/wp\/v2\/media\/22934"}],"wp:attachment":[{"href":"https:\/\/www.elpolitologoyelpolitico.com.ar\/wordpress\/wp-json\/wp\/v2\/media?parent=22933"}],"wp:term":[{"taxonomy":"category","embeddable":true,"href":"https:\/\/www.elpolitologoyelpolitico.com.ar\/wordpress\/wp-json\/wp\/v2\/categories?post=22933"},{"taxonomy":"post_tag","embeddable":true,"href":"https:\/\/www.elpolitologoyelpolitico.com.ar\/wordpress\/wp-json\/wp\/v2\/tags?post=22933"}],"curies":[{"name":"wp","href":"https:\/\/api.w.org\/{rel}","templated":true}]}}