{"id":22927,"date":"2022-08-02T23:45:26","date_gmt":"2022-08-02T23:45:26","guid":{"rendered":"https:\/\/www.elpolitologoyelpolitico.com.ar\/wordpress\/?p=22927"},"modified":"2022-08-02T23:46:01","modified_gmt":"2022-08-02T23:46:01","slug":"recambio-a-luces-led-en-la-calle-espana-entre-comodoro-rivadavia-y-bernardino-rivadavia","status":"publish","type":"post","link":"https:\/\/www.elpolitologoyelpolitico.com.ar\/wordpress\/2022\/08\/02\/recambio-a-luces-led-en-la-calle-espana-entre-comodoro-rivadavia-y-bernardino-rivadavia\/","title":{"rendered":"Recambio a luces led en la calle Espa\u00f1a, entre Comodoro Rivadavia y Bernardino Rivadavia"},"content":{"rendered":"\n<p>La Direcci\u00f3n de Alumbrado trabaj\u00f3 en la reconversi\u00f3n lum\u00ednica de nuevos sectores, en Carmen de Patagones.&nbsp;<\/p>\n\n\n\n<p>En esta ocasi\u00f3n se realiz\u00f3 el recambio de luminarias en la calle Espa\u00f1a, entre Comodoro Rivadavia y Bernardino Rivadavia, sector que fue visitado este lunes, por el Intendente Municipal, Jos\u00e9 Luis Zara, junto al titular de la Direcci\u00f3n de Alumbrado, Carlos Mayer.&nbsp;<\/p>\n\n\n\n<p>En la zona se colocaron 20 paneles LED de 120 watts y 21 de 55 watts.&nbsp;<\/p>\n\n\n\n<p>Los nuevos artefactos permiten reducir notablemente el gasto de energ\u00eda el\u00e9ctrica y ofrecen una \u00f3ptima iluminaci\u00f3n, brindando una mejor calidad de vida y mayor seguridad a las familias del sector.<\/p>\n\n\n\n<figure class=\"wp-block-gallery has-nested-images columns-default is-cropped wp-block-gallery-1 is-layout-flex wp-block-gallery-is-layout-flex\">\n<figure class=\"wp-block-image size-large\"><img fetchpriority=\"high\" decoding=\"async\" width=\"720\" height=\"479\" data-id=\"22929\" src=\"https:\/\/www.elpolitologoyelpolitico.com.ar\/wp-content\/uploads\/2022\/08\/IMG-20220802-WA0005.jpg\" alt=\"\" class=\"wp-image-22929\" srcset=\"https:\/\/www.elpolitologoyelpolitico.com.ar\/wp-content\/uploads\/2022\/08\/IMG-20220802-WA0005.jpg 720w, https:\/\/www.elpolitologoyelpolitico.com.ar\/wp-content\/uploads\/2022\/08\/IMG-20220802-WA0005-300x200.jpg 300w\" sizes=\"(max-width: 720px) 100vw, 720px\" \/><\/figure>\n\n\n\n<figure class=\"wp-block-image size-large\"><img decoding=\"async\" width=\"720\" height=\"960\" data-id=\"22930\" src=\"https:\/\/www.elpolitologoyelpolitico.com.ar\/wp-content\/uploads\/2022\/08\/IMG-20220802-WA0006.jpg\" alt=\"\" class=\"wp-image-22930\" srcset=\"https:\/\/www.elpolitologoyelpolitico.com.ar\/wp-content\/uploads\/2022\/08\/IMG-20220802-WA0006.jpg 720w, https:\/\/www.elpolitologoyelpolitico.com.ar\/wp-content\/uploads\/2022\/08\/IMG-20220802-WA0006-225x300.jpg 225w\" sizes=\"(max-width: 720px) 100vw, 720px\" \/><\/figure>\n<\/figure>\n<div class=\"fb-background-color\">\n\t\t\t  <div \n\t\t\t  \tclass = \"fb-comments\" \n\t\t\t  \tdata-href = \"https:\/\/www.elpolitologoyelpolitico.com.ar\/wordpress\/2022\/08\/02\/recambio-a-luces-led-en-la-calle-espana-entre-comodoro-rivadavia-y-bernardino-rivadavia\/\"\n\t\t\t  \tdata-numposts = \"10\"\n\t\t\t  \tdata-lazy = \"true\"\n\t\t\t\tdata-colorscheme = \"light\"\n\t\t\t\tdata-order-by = \"social\"\n\t\t\t\tdata-mobile=true>\n\t\t\t  <\/div><\/div>\n\t\t  <style>\n\t\t    .fb-background-color {\n\t\t\t\tbackground: #ffffff !important;\n\t\t\t}\n\t\t\t.fb_iframe_widget_fluid_desktop iframe {\n\t\t\t    width: 100% !important;\n\t\t\t}\n\t\t  <\/style>\n\t\t  ","protected":false},"excerpt":{"rendered":"<p>La Direcci\u00f3n de Alumbrado trabaj\u00f3 en la reconversi\u00f3n lum\u00ednica de nuevos sectores, en Carmen de Patagones.&nbsp; En esta ocasi\u00f3n se realiz\u00f3 el recambio de luminarias en la calle Espa\u00f1a, entre Comodoro Rivadavia y Bernardino Rivadavia, sector que fue visitado este lunes, por el Intendente Municipal, Jos\u00e9 Luis Zara, junto al titular de la Direcci\u00f3n de [&hellip;]<\/p>\n","protected":false},"author":4,"featured_media":22928,"comment_status":"closed","ping_status":"closed","sticky":false,"template":"","format":"standard","meta":{"_joinchat":[],"footnotes":""},"categories":[4],"tags":[],"class_list":["post-22927","post","type-post","status-publish","format-standard","has-post-thumbnail","hentry","category-politicas-publicas"],"_links":{"self":[{"href":"https:\/\/www.elpolitologoyelpolitico.com.ar\/wordpress\/wp-json\/wp\/v2\/posts\/22927","targetHints":{"allow":["GET"]}}],"collection":[{"href":"https:\/\/www.elpolitologoyelpolitico.com.ar\/wordpress\/wp-json\/wp\/v2\/posts"}],"about":[{"href":"https:\/\/www.elpolitologoyelpolitico.com.ar\/wordpress\/wp-json\/wp\/v2\/types\/post"}],"author":[{"embeddable":true,"href":"https:\/\/www.elpolitologoyelpolitico.com.ar\/wordpress\/wp-json\/wp\/v2\/users\/4"}],"replies":[{"embeddable":true,"href":"https:\/\/www.elpolitologoyelpolitico.com.ar\/wordpress\/wp-json\/wp\/v2\/comments?post=22927"}],"version-history":[{"count":0,"href":"https:\/\/www.elpolitologoyelpolitico.com.ar\/wordpress\/wp-json\/wp\/v2\/posts\/22927\/revisions"}],"wp:featuredmedia":[{"embeddable":true,"href":"https:\/\/www.elpolitologoyelpolitico.com.ar\/wordpress\/wp-json\/wp\/v2\/media\/22928"}],"wp:attachment":[{"href":"https:\/\/www.elpolitologoyelpolitico.com.ar\/wordpress\/wp-json\/wp\/v2\/media?parent=22927"}],"wp:term":[{"taxonomy":"category","embeddable":true,"href":"https:\/\/www.elpolitologoyelpolitico.com.ar\/wordpress\/wp-json\/wp\/v2\/categories?post=22927"},{"taxonomy":"post_tag","embeddable":true,"href":"https:\/\/www.elpolitologoyelpolitico.com.ar\/wordpress\/wp-json\/wp\/v2\/tags?post=22927"}],"curies":[{"name":"wp","href":"https:\/\/api.w.org\/{rel}","templated":true}]}}