{"id":22923,"date":"2022-08-02T20:15:56","date_gmt":"2022-08-02T20:15:56","guid":{"rendered":"https:\/\/www.elpolitologoyelpolitico.com.ar\/wordpress\/?p=22923"},"modified":"2022-08-02T20:16:24","modified_gmt":"2022-08-02T20:16:24","slug":"viedma-policia-atrapo-a-una-persona-luego-de-robar-en-un-kiosco","status":"publish","type":"post","link":"https:\/\/www.elpolitologoyelpolitico.com.ar\/wordpress\/2022\/08\/02\/viedma-policia-atrapo-a-una-persona-luego-de-robar-en-un-kiosco\/","title":{"rendered":"Viedma: Polic\u00eda atrap\u00f3 a una persona luego de robar en un kiosco"},"content":{"rendered":"\n<p>Efectivos de la Polic\u00eda de R\u00edo Negro atraparon a un joven que hab\u00eda sustra\u00eddo dinero en un kiosco de la capital rionegrina.<\/p>\n\n\n\n<p>El hecho se registr\u00f3 cuando desde el 911 RN Emergencias se solicit\u00f3 presencia policial en calle Guido y Costanera, debido a que se observ\u00f3 una persona corriendo con un arma blanca que posteriormente se subi\u00f3 a un autom\u00f3vil.<\/p>\n\n\n\n<p>Inmediatamente, el veh\u00edculo fue interceptado por los uniformados que lograron aprehender al joven, quien ten\u00eda en su poder dinero en efectivo.<\/p>\n\n\n\n<p>Por \u00faltimo, se dio aviso al Fiscal en turno que dispuso las actuaciones pertinentes al caso.<\/p>\n<div class=\"fb-background-color\">\n\t\t\t  <div \n\t\t\t  \tclass = \"fb-comments\" \n\t\t\t  \tdata-href = \"https:\/\/www.elpolitologoyelpolitico.com.ar\/wordpress\/2022\/08\/02\/viedma-policia-atrapo-a-una-persona-luego-de-robar-en-un-kiosco\/\"\n\t\t\t  \tdata-numposts = \"10\"\n\t\t\t  \tdata-lazy = \"true\"\n\t\t\t\tdata-colorscheme = \"light\"\n\t\t\t\tdata-order-by = \"social\"\n\t\t\t\tdata-mobile=true>\n\t\t\t  <\/div><\/div>\n\t\t  <style>\n\t\t    .fb-background-color {\n\t\t\t\tbackground: #ffffff !important;\n\t\t\t}\n\t\t\t.fb_iframe_widget_fluid_desktop iframe {\n\t\t\t    width: 100% !important;\n\t\t\t}\n\t\t  <\/style>\n\t\t  ","protected":false},"excerpt":{"rendered":"<p>Efectivos de la Polic\u00eda de R\u00edo Negro atraparon a un joven que hab\u00eda sustra\u00eddo dinero en un kiosco de la capital rionegrina. El hecho se registr\u00f3 cuando desde el 911 RN Emergencias se solicit\u00f3 presencia policial en calle Guido y Costanera, debido a que se observ\u00f3 una persona corriendo con un arma blanca que posteriormente [&hellip;]<\/p>\n","protected":false},"author":4,"featured_media":22924,"comment_status":"closed","ping_status":"closed","sticky":false,"template":"","format":"standard","meta":{"_joinchat":[],"footnotes":""},"categories":[39],"tags":[],"class_list":["post-22923","post","type-post","status-publish","format-standard","has-post-thumbnail","hentry","category-en-esta-seccion"],"_links":{"self":[{"href":"https:\/\/www.elpolitologoyelpolitico.com.ar\/wordpress\/wp-json\/wp\/v2\/posts\/22923","targetHints":{"allow":["GET"]}}],"collection":[{"href":"https:\/\/www.elpolitologoyelpolitico.com.ar\/wordpress\/wp-json\/wp\/v2\/posts"}],"about":[{"href":"https:\/\/www.elpolitologoyelpolitico.com.ar\/wordpress\/wp-json\/wp\/v2\/types\/post"}],"author":[{"embeddable":true,"href":"https:\/\/www.elpolitologoyelpolitico.com.ar\/wordpress\/wp-json\/wp\/v2\/users\/4"}],"replies":[{"embeddable":true,"href":"https:\/\/www.elpolitologoyelpolitico.com.ar\/wordpress\/wp-json\/wp\/v2\/comments?post=22923"}],"version-history":[{"count":0,"href":"https:\/\/www.elpolitologoyelpolitico.com.ar\/wordpress\/wp-json\/wp\/v2\/posts\/22923\/revisions"}],"wp:featuredmedia":[{"embeddable":true,"href":"https:\/\/www.elpolitologoyelpolitico.com.ar\/wordpress\/wp-json\/wp\/v2\/media\/22924"}],"wp:attachment":[{"href":"https:\/\/www.elpolitologoyelpolitico.com.ar\/wordpress\/wp-json\/wp\/v2\/media?parent=22923"}],"wp:term":[{"taxonomy":"category","embeddable":true,"href":"https:\/\/www.elpolitologoyelpolitico.com.ar\/wordpress\/wp-json\/wp\/v2\/categories?post=22923"},{"taxonomy":"post_tag","embeddable":true,"href":"https:\/\/www.elpolitologoyelpolitico.com.ar\/wordpress\/wp-json\/wp\/v2\/tags?post=22923"}],"curies":[{"name":"wp","href":"https:\/\/api.w.org\/{rel}","templated":true}]}}