{"id":22919,"date":"2022-08-02T19:22:29","date_gmt":"2022-08-02T19:22:29","guid":{"rendered":"https:\/\/www.elpolitologoyelpolitico.com.ar\/wordpress\/?p=22919"},"modified":"2022-08-02T19:23:13","modified_gmt":"2022-08-02T19:23:13","slug":"desde-hoy-se-abre-la-inscripcion-para-ser-defensor-del-pueblo-de-viedma","status":"publish","type":"post","link":"https:\/\/www.elpolitologoyelpolitico.com.ar\/wordpress\/2022\/08\/02\/desde-hoy-se-abre-la-inscripcion-para-ser-defensor-del-pueblo-de-viedma\/","title":{"rendered":"Desde hoy, se abre la inscripci\u00f3n para ser Defensor del Pueblo de Viedma"},"content":{"rendered":"\n<p>A partir de hoy y hasta el 31 agosto, el Concejo Deliberante abre el plazo de inscripci\u00f3n para postularse al cargo de Defensor o Defensora del Pueblo de Viedma.&nbsp;<\/p>\n\n\n\n<p>Los interesados y las interesadas podr\u00e1n retirar los requisitos en el edificio del cuerpo legislativo municipal -calle Buenos Aires 320- de lunes a viernes 7.30 a 13.30, o descargarlos desde el link <a href=\"https:\/\/concejoviedma.gov.ar\/contenido\/institucional\/8\/defensor-del-pueblo.html\">https:\/\/concejoviedma.gov.ar\/contenido\/institucional\/8\/defensor-del-pueblo.html<\/a>.<\/p>\n\n\n\n<p>Para presentar toda la informaci\u00f3n requerida deber\u00e1n dirigirse en persona y con toda la documentaci\u00f3n correspondiente a la Direcci\u00f3n de Asesor\u00eda Legal y T\u00e9cnica del Deliberante \u2013tambi\u00e9n en calle Buenos Aires 320-, de lunes a viernes, de 9 a 13 horas.&nbsp;<\/p>\n\n\n\n<p><strong>Los requisitos son:&nbsp;<\/strong><\/p>\n\n\n\n<p>1.&nbsp; &nbsp; ser ciudadano argentino, por opci\u00f3n o naturalizado, con ejercicio legal de la ciudadan\u00eda por un m\u00ednimo de cinco a\u00f1os;<\/p>\n\n\n\n<p>2.&nbsp; &nbsp; ser nativo de Viedma o ciudadano con un m\u00ednimo de cuatro a\u00f1os de residencia inmediata en el Municipio.<\/p>\n\n\n\n<p>La duraci\u00f3n del mandato es de cuatro a\u00f1os y no podr\u00e1 ser reelegido en su cargo en forma consecutiva.&nbsp;<\/p>\n\n\n\n<p><strong>Cada postulante debe presentar:<\/strong><\/p>\n\n\n\n<p>1. Formulario de inscripci\u00f3n.&nbsp;<\/p>\n\n\n\n<p>2. Copia certificada del \u00faltimo ejemplar del DNI.&nbsp;<\/p>\n\n\n\n<p>3. Copia de estatuto social de persona jur\u00eddica proponente.&nbsp;<\/p>\n\n\n\n<p>4. Curriculum Vitae, con copia certificada de antecedentes laborales y de formaci\u00f3n invocados.&nbsp;<\/p>\n\n\n\n<p>5. Nota dirigida a la Presidenta del Concejo Deliberante de Viedma, Maricel C\u00e9voli, fundando la postulaci\u00f3n o propuesta.&nbsp;<\/p>\n\n\n\n<p>6. Certificado de entidad activa o vigente emitido por autoridad componente.&nbsp;<\/p>\n\n\n\n<p>7. Certificado de antecedentes penales emitido por el Ministerio de Justicia y Derechos Humanos de la Naci\u00f3n.&nbsp;<\/p>\n\n\n\n<p>8. Presentaci\u00f3n de una propuesta de trabajo con relaci\u00f3n al rol y las funciones de la Defensor\u00eda del Pueblo.<\/p>\n<div class=\"fb-background-color\">\n\t\t\t  <div \n\t\t\t  \tclass = \"fb-comments\" \n\t\t\t  \tdata-href = \"https:\/\/www.elpolitologoyelpolitico.com.ar\/wordpress\/2022\/08\/02\/desde-hoy-se-abre-la-inscripcion-para-ser-defensor-del-pueblo-de-viedma\/\"\n\t\t\t  \tdata-numposts = \"10\"\n\t\t\t  \tdata-lazy = \"true\"\n\t\t\t\tdata-colorscheme = \"light\"\n\t\t\t\tdata-order-by = \"social\"\n\t\t\t\tdata-mobile=true>\n\t\t\t  <\/div><\/div>\n\t\t  <style>\n\t\t    .fb-background-color {\n\t\t\t\tbackground: #ffffff !important;\n\t\t\t}\n\t\t\t.fb_iframe_widget_fluid_desktop iframe {\n\t\t\t    width: 100% !important;\n\t\t\t}\n\t\t  <\/style>\n\t\t  ","protected":false},"excerpt":{"rendered":"<p>A partir de hoy y hasta el 31 agosto, el Concejo Deliberante abre el plazo de inscripci\u00f3n para postularse al cargo de Defensor o Defensora del Pueblo de Viedma.&nbsp; Los interesados y las interesadas podr\u00e1n retirar los requisitos en el edificio del cuerpo legislativo municipal -calle Buenos Aires 320- de lunes a viernes 7.30 a [&hellip;]<\/p>\n","protected":false},"author":4,"featured_media":22920,"comment_status":"closed","ping_status":"closed","sticky":false,"template":"","format":"standard","meta":{"_joinchat":[],"footnotes":""},"categories":[39],"tags":[],"class_list":["post-22919","post","type-post","status-publish","format-standard","has-post-thumbnail","hentry","category-en-esta-seccion"],"_links":{"self":[{"href":"https:\/\/www.elpolitologoyelpolitico.com.ar\/wordpress\/wp-json\/wp\/v2\/posts\/22919","targetHints":{"allow":["GET"]}}],"collection":[{"href":"https:\/\/www.elpolitologoyelpolitico.com.ar\/wordpress\/wp-json\/wp\/v2\/posts"}],"about":[{"href":"https:\/\/www.elpolitologoyelpolitico.com.ar\/wordpress\/wp-json\/wp\/v2\/types\/post"}],"author":[{"embeddable":true,"href":"https:\/\/www.elpolitologoyelpolitico.com.ar\/wordpress\/wp-json\/wp\/v2\/users\/4"}],"replies":[{"embeddable":true,"href":"https:\/\/www.elpolitologoyelpolitico.com.ar\/wordpress\/wp-json\/wp\/v2\/comments?post=22919"}],"version-history":[{"count":0,"href":"https:\/\/www.elpolitologoyelpolitico.com.ar\/wordpress\/wp-json\/wp\/v2\/posts\/22919\/revisions"}],"wp:featuredmedia":[{"embeddable":true,"href":"https:\/\/www.elpolitologoyelpolitico.com.ar\/wordpress\/wp-json\/wp\/v2\/media\/22920"}],"wp:attachment":[{"href":"https:\/\/www.elpolitologoyelpolitico.com.ar\/wordpress\/wp-json\/wp\/v2\/media?parent=22919"}],"wp:term":[{"taxonomy":"category","embeddable":true,"href":"https:\/\/www.elpolitologoyelpolitico.com.ar\/wordpress\/wp-json\/wp\/v2\/categories?post=22919"},{"taxonomy":"post_tag","embeddable":true,"href":"https:\/\/www.elpolitologoyelpolitico.com.ar\/wordpress\/wp-json\/wp\/v2\/tags?post=22919"}],"curies":[{"name":"wp","href":"https:\/\/api.w.org\/{rel}","templated":true}]}}