{"id":22915,"date":"2022-08-02T17:56:13","date_gmt":"2022-08-02T17:56:13","guid":{"rendered":"https:\/\/www.elpolitologoyelpolitico.com.ar\/wordpress\/?p=22915"},"modified":"2022-08-02T17:56:48","modified_gmt":"2022-08-02T17:56:48","slug":"el-municipio-y-la-comision-del-barrio-bicentenario-trabajan-en-conjunto-para-el-acceso-de-los-vecinos-a-la-titularidad-de-sus-viviendas","status":"publish","type":"post","link":"https:\/\/www.elpolitologoyelpolitico.com.ar\/wordpress\/2022\/08\/02\/el-municipio-y-la-comision-del-barrio-bicentenario-trabajan-en-conjunto-para-el-acceso-de-los-vecinos-a-la-titularidad-de-sus-viviendas\/","title":{"rendered":"El Municipio y la Comisi\u00f3n del barrio Bicentenario trabajan en conjunto para el acceso de los vecinos a la titularidad de sus viviendas"},"content":{"rendered":"\n<p>El Subsecretario de Planificaci\u00f3n y Patrimonio Municipal, Juan Carlos Ricca, y el Secretario de Gobierno, Daniel Paredes, se reunieron con el presidente de la Comisi\u00f3n de Fomento del barrio Bicentenario, de Carmen de Patagones.&nbsp;<\/p>\n\n\n\n<p>Durante el encuentro \u2013 precis\u00f3 Ricca- \u201cNos plante\u00f3 que hay algunas familias que no han accedido a\u00fan a la titularidad de su vivienda por distintas situaciones, sobre todo sociofamiliares\u201d.&nbsp;<\/p>\n\n\n\n<p>En ese sentido, el Subsecretario de Planificaci\u00f3n y Patrimonio Municipal aclar\u00f3 que \u201cel barrio no tiene ning\u00fan tipo de inconveniente en lo catastral, por lo que si alguna persona no recibi\u00f3 su t\u00edtulo es porque evidentemente hay alg\u00fan problema relacionado a la situaci\u00f3n familiar\u201d.&nbsp;<\/p>\n\n\n\n<p>Al respecto, Ricca indic\u00f3 que \u201cse habilitar\u00e1 un espacio, en conjunto con la Comisi\u00f3n, para que las personas que est\u00e9n en esta situaci\u00f3n con el abogado y el director de Tierras del municipio, que evaluar\u00e1 cada caso y en funci\u00f3n de eso solicitar\u00e1 la documentaci\u00f3n necesaria para poder iniciar los tr\u00e1mites de titularidad o correcci\u00f3n de la misma\u201d.<\/p>\n\n\n\n<p><\/p>\n<div class=\"fb-background-color\">\n\t\t\t  <div \n\t\t\t  \tclass = \"fb-comments\" \n\t\t\t  \tdata-href = \"https:\/\/www.elpolitologoyelpolitico.com.ar\/wordpress\/2022\/08\/02\/el-municipio-y-la-comision-del-barrio-bicentenario-trabajan-en-conjunto-para-el-acceso-de-los-vecinos-a-la-titularidad-de-sus-viviendas\/\"\n\t\t\t  \tdata-numposts = \"10\"\n\t\t\t  \tdata-lazy = \"true\"\n\t\t\t\tdata-colorscheme = \"light\"\n\t\t\t\tdata-order-by = \"social\"\n\t\t\t\tdata-mobile=true>\n\t\t\t  <\/div><\/div>\n\t\t  <style>\n\t\t    .fb-background-color {\n\t\t\t\tbackground: #ffffff !important;\n\t\t\t}\n\t\t\t.fb_iframe_widget_fluid_desktop iframe {\n\t\t\t    width: 100% !important;\n\t\t\t}\n\t\t  <\/style>\n\t\t  ","protected":false},"excerpt":{"rendered":"<p>El Subsecretario de Planificaci\u00f3n y Patrimonio Municipal, Juan Carlos Ricca, y el Secretario de Gobierno, Daniel Paredes, se reunieron con el presidente de la Comisi\u00f3n de Fomento del barrio Bicentenario, de Carmen de Patagones.&nbsp; Durante el encuentro \u2013 precis\u00f3 Ricca- \u201cNos plante\u00f3 que hay algunas familias que no han accedido a\u00fan a la titularidad de [&hellip;]<\/p>\n","protected":false},"author":4,"featured_media":22916,"comment_status":"closed","ping_status":"closed","sticky":false,"template":"","format":"standard","meta":{"_joinchat":[],"footnotes":""},"categories":[4],"tags":[],"class_list":["post-22915","post","type-post","status-publish","format-standard","has-post-thumbnail","hentry","category-politicas-publicas"],"_links":{"self":[{"href":"https:\/\/www.elpolitologoyelpolitico.com.ar\/wordpress\/wp-json\/wp\/v2\/posts\/22915","targetHints":{"allow":["GET"]}}],"collection":[{"href":"https:\/\/www.elpolitologoyelpolitico.com.ar\/wordpress\/wp-json\/wp\/v2\/posts"}],"about":[{"href":"https:\/\/www.elpolitologoyelpolitico.com.ar\/wordpress\/wp-json\/wp\/v2\/types\/post"}],"author":[{"embeddable":true,"href":"https:\/\/www.elpolitologoyelpolitico.com.ar\/wordpress\/wp-json\/wp\/v2\/users\/4"}],"replies":[{"embeddable":true,"href":"https:\/\/www.elpolitologoyelpolitico.com.ar\/wordpress\/wp-json\/wp\/v2\/comments?post=22915"}],"version-history":[{"count":0,"href":"https:\/\/www.elpolitologoyelpolitico.com.ar\/wordpress\/wp-json\/wp\/v2\/posts\/22915\/revisions"}],"wp:featuredmedia":[{"embeddable":true,"href":"https:\/\/www.elpolitologoyelpolitico.com.ar\/wordpress\/wp-json\/wp\/v2\/media\/22916"}],"wp:attachment":[{"href":"https:\/\/www.elpolitologoyelpolitico.com.ar\/wordpress\/wp-json\/wp\/v2\/media?parent=22915"}],"wp:term":[{"taxonomy":"category","embeddable":true,"href":"https:\/\/www.elpolitologoyelpolitico.com.ar\/wordpress\/wp-json\/wp\/v2\/categories?post=22915"},{"taxonomy":"post_tag","embeddable":true,"href":"https:\/\/www.elpolitologoyelpolitico.com.ar\/wordpress\/wp-json\/wp\/v2\/tags?post=22915"}],"curies":[{"name":"wp","href":"https:\/\/api.w.org\/{rel}","templated":true}]}}