{"id":22911,"date":"2022-08-02T16:19:10","date_gmt":"2022-08-02T16:19:10","guid":{"rendered":"https:\/\/www.elpolitologoyelpolitico.com.ar\/wordpress\/?p=22911"},"modified":"2022-08-02T16:19:39","modified_gmt":"2022-08-02T16:19:39","slug":"ley-micaela-inicio-la-ultima-aula-del-ano","status":"publish","type":"post","link":"https:\/\/www.elpolitologoyelpolitico.com.ar\/wordpress\/2022\/08\/02\/ley-micaela-inicio-la-ultima-aula-del-ano\/","title":{"rendered":"Ley Micaela: inici\u00f3 la \u00faltima aula del a\u00f1o"},"content":{"rendered":"\n<p>Comenz\u00f3 hoy la \u00faltima aula del trayecto introductorio de la Ley Micaela para agentes provinciales del poder ejecutivo rionegrino. Hasta el momento certificaron un total de 6.710 personas, y se inscribieron en este \u00faltima aula 3.311.<\/p>\n\n\n\n<p>Este trayecto tiene una metodolog\u00eda mixta con recorrido autogestionado y tutoreado, es obligatoria para todos y todas las agentes del Estado y necesario para la recategorizaci\u00f3n en la carrera administrativa.<\/p>\n\n\n\n<p>Si te inscribiste y ya ten\u00e9s usuario en el IPAP, pod\u00e9s ingresar a la p\u00e1gina de este organismo y realizar el curso, en caso de que no lo tengas, el Instituto te enviar\u00e1 un mail para puedas hacerlo.<\/p>\n\n\n\n<p>Si todav\u00eda no te inscribiste, comun\u00edcate con el \u00e1rea de recursos humanos de tu \u00e1rea.<\/p>\n\n\n\n<p>Este tipo de capacitaci\u00f3n ayuda a generar igualdad de oportunidades y a promover la prevenci\u00f3n de situaciones de discriminaci\u00f3n y violencia contra las mujeres y disidencias.<\/p>\n<div class=\"fb-background-color\">\n\t\t\t  <div \n\t\t\t  \tclass = \"fb-comments\" \n\t\t\t  \tdata-href = \"https:\/\/www.elpolitologoyelpolitico.com.ar\/wordpress\/2022\/08\/02\/ley-micaela-inicio-la-ultima-aula-del-ano\/\"\n\t\t\t  \tdata-numposts = \"10\"\n\t\t\t  \tdata-lazy = \"true\"\n\t\t\t\tdata-colorscheme = \"light\"\n\t\t\t\tdata-order-by = \"social\"\n\t\t\t\tdata-mobile=true>\n\t\t\t  <\/div><\/div>\n\t\t  <style>\n\t\t    .fb-background-color {\n\t\t\t\tbackground: #ffffff !important;\n\t\t\t}\n\t\t\t.fb_iframe_widget_fluid_desktop iframe {\n\t\t\t    width: 100% !important;\n\t\t\t}\n\t\t  <\/style>\n\t\t  ","protected":false},"excerpt":{"rendered":"<p>Comenz\u00f3 hoy la \u00faltima aula del trayecto introductorio de la Ley Micaela para agentes provinciales del poder ejecutivo rionegrino. Hasta el momento certificaron un total de 6.710 personas, y se inscribieron en este \u00faltima aula 3.311. Este trayecto tiene una metodolog\u00eda mixta con recorrido autogestionado y tutoreado, es obligatoria para todos y todas las agentes [&hellip;]<\/p>\n","protected":false},"author":4,"featured_media":22912,"comment_status":"closed","ping_status":"closed","sticky":false,"template":"","format":"standard","meta":{"_joinchat":[],"footnotes":""},"categories":[4],"tags":[],"class_list":["post-22911","post","type-post","status-publish","format-standard","has-post-thumbnail","hentry","category-politicas-publicas"],"_links":{"self":[{"href":"https:\/\/www.elpolitologoyelpolitico.com.ar\/wordpress\/wp-json\/wp\/v2\/posts\/22911","targetHints":{"allow":["GET"]}}],"collection":[{"href":"https:\/\/www.elpolitologoyelpolitico.com.ar\/wordpress\/wp-json\/wp\/v2\/posts"}],"about":[{"href":"https:\/\/www.elpolitologoyelpolitico.com.ar\/wordpress\/wp-json\/wp\/v2\/types\/post"}],"author":[{"embeddable":true,"href":"https:\/\/www.elpolitologoyelpolitico.com.ar\/wordpress\/wp-json\/wp\/v2\/users\/4"}],"replies":[{"embeddable":true,"href":"https:\/\/www.elpolitologoyelpolitico.com.ar\/wordpress\/wp-json\/wp\/v2\/comments?post=22911"}],"version-history":[{"count":0,"href":"https:\/\/www.elpolitologoyelpolitico.com.ar\/wordpress\/wp-json\/wp\/v2\/posts\/22911\/revisions"}],"wp:featuredmedia":[{"embeddable":true,"href":"https:\/\/www.elpolitologoyelpolitico.com.ar\/wordpress\/wp-json\/wp\/v2\/media\/22912"}],"wp:attachment":[{"href":"https:\/\/www.elpolitologoyelpolitico.com.ar\/wordpress\/wp-json\/wp\/v2\/media?parent=22911"}],"wp:term":[{"taxonomy":"category","embeddable":true,"href":"https:\/\/www.elpolitologoyelpolitico.com.ar\/wordpress\/wp-json\/wp\/v2\/categories?post=22911"},{"taxonomy":"post_tag","embeddable":true,"href":"https:\/\/www.elpolitologoyelpolitico.com.ar\/wordpress\/wp-json\/wp\/v2\/tags?post=22911"}],"curies":[{"name":"wp","href":"https:\/\/api.w.org\/{rel}","templated":true}]}}