{"id":22899,"date":"2022-08-02T01:35:25","date_gmt":"2022-08-02T01:35:25","guid":{"rendered":"https:\/\/www.elpolitologoyelpolitico.com.ar\/wordpress\/?p=22899"},"modified":"2022-08-02T01:36:49","modified_gmt":"2022-08-02T01:36:49","slug":"el-comico-personaje-de-jenny-la-paraguaya-llega-al-centro-cultural-2","status":"publish","type":"post","link":"https:\/\/www.elpolitologoyelpolitico.com.ar\/wordpress\/2022\/08\/02\/el-comico-personaje-de-jenny-la-paraguaya-llega-al-centro-cultural-2\/","title":{"rendered":"El c\u00f3mico personaje de \u201cJenny La paraguaya\u201d llega al Centro Cultural"},"content":{"rendered":"\n<p>El jueves 4 de agosto a las 21.30 se presenta la humorista Wali Iturriaga, con su espect\u00e1culo Jenny \u201cLa Paraguaya\u201d y su nuevo show \u201cJenny Tour 2022\u201d en el Centro Municipal de Cultura.<\/p>\n\n\n\n<p>Las entradas se encuentran a la venta en La H es Muda (Roca 157 Viedma) o Versailles (Doctor Baraja 318 Patagones) en $2000 y $2500.<\/p>\n\n\n\n<p>Wali Iturriaga, multifac\u00e9tico artista con m\u00e1s de 1 mill\u00f3n y medio de seguidores en sus redes sociales, ganador del premio al \u201cmejor influencer del humor\u201d en los premios al espect\u00e1culo del nordeste argentino y Paraguay, ahora llega al teatro con todo su humor y sus personajes m\u00e1s destacados,\u201cCachilo\u201d \u201cJuan Carlos\u201d y \u201cJennifer la paraguaya\u201d.<\/p>\n\n\n\n<p>Desde que debut\u00f3 con su espect\u00e1culo el en el 2020, ya lo vieron m\u00e1s de 90.000 espectadores en el Teatro Seminari de Escobar, realiz\u00f3 m\u00e1s de 240 funciones, miles de kil\u00f3metros recorridos, cerrando el a\u00f1o 2021 en el Teatro Opera con localidades agotadas.<\/p>\n\n\n\n<p>En este verano 2022, hizo gira por el municipio de la costa en ciudades como San Bernardo, San clemente, Santa Teresita, Pinamar, Villa Gesell, Miramar, Necochea e incluso el Roxy de Mar del Plata, con localidades agotadas, debido al \u00e9xito obtenido este 2022 continuar\u00e1 su gira por el pa\u00eds y pa\u00edses vecinos.<\/p>\n<div class=\"fb-background-color\">\n\t\t\t  <div \n\t\t\t  \tclass = \"fb-comments\" \n\t\t\t  \tdata-href = \"https:\/\/www.elpolitologoyelpolitico.com.ar\/wordpress\/2022\/08\/02\/el-comico-personaje-de-jenny-la-paraguaya-llega-al-centro-cultural-2\/\"\n\t\t\t  \tdata-numposts = \"10\"\n\t\t\t  \tdata-lazy = \"true\"\n\t\t\t\tdata-colorscheme = \"light\"\n\t\t\t\tdata-order-by = \"social\"\n\t\t\t\tdata-mobile=true>\n\t\t\t  <\/div><\/div>\n\t\t  <style>\n\t\t    .fb-background-color {\n\t\t\t\tbackground: #ffffff !important;\n\t\t\t}\n\t\t\t.fb_iframe_widget_fluid_desktop iframe {\n\t\t\t    width: 100% !important;\n\t\t\t}\n\t\t  <\/style>\n\t\t  ","protected":false},"excerpt":{"rendered":"<p>El jueves 4 de agosto a las 21.30 se presenta la humorista Wali Iturriaga, con su espect\u00e1culo Jenny \u201cLa Paraguaya\u201d y su nuevo show \u201cJenny Tour 2022\u201d en el Centro Municipal de Cultura. Las entradas se encuentran a la venta en La H es Muda (Roca 157 Viedma) o Versailles (Doctor Baraja 318 Patagones) en [&hellip;]<\/p>\n","protected":false},"author":4,"featured_media":22900,"comment_status":"closed","ping_status":"closed","sticky":false,"template":"","format":"standard","meta":{"_joinchat":[],"footnotes":""},"categories":[39],"tags":[],"class_list":["post-22899","post","type-post","status-publish","format-standard","has-post-thumbnail","hentry","category-en-esta-seccion"],"_links":{"self":[{"href":"https:\/\/www.elpolitologoyelpolitico.com.ar\/wordpress\/wp-json\/wp\/v2\/posts\/22899","targetHints":{"allow":["GET"]}}],"collection":[{"href":"https:\/\/www.elpolitologoyelpolitico.com.ar\/wordpress\/wp-json\/wp\/v2\/posts"}],"about":[{"href":"https:\/\/www.elpolitologoyelpolitico.com.ar\/wordpress\/wp-json\/wp\/v2\/types\/post"}],"author":[{"embeddable":true,"href":"https:\/\/www.elpolitologoyelpolitico.com.ar\/wordpress\/wp-json\/wp\/v2\/users\/4"}],"replies":[{"embeddable":true,"href":"https:\/\/www.elpolitologoyelpolitico.com.ar\/wordpress\/wp-json\/wp\/v2\/comments?post=22899"}],"version-history":[{"count":0,"href":"https:\/\/www.elpolitologoyelpolitico.com.ar\/wordpress\/wp-json\/wp\/v2\/posts\/22899\/revisions"}],"wp:featuredmedia":[{"embeddable":true,"href":"https:\/\/www.elpolitologoyelpolitico.com.ar\/wordpress\/wp-json\/wp\/v2\/media\/22900"}],"wp:attachment":[{"href":"https:\/\/www.elpolitologoyelpolitico.com.ar\/wordpress\/wp-json\/wp\/v2\/media?parent=22899"}],"wp:term":[{"taxonomy":"category","embeddable":true,"href":"https:\/\/www.elpolitologoyelpolitico.com.ar\/wordpress\/wp-json\/wp\/v2\/categories?post=22899"},{"taxonomy":"post_tag","embeddable":true,"href":"https:\/\/www.elpolitologoyelpolitico.com.ar\/wordpress\/wp-json\/wp\/v2\/tags?post=22899"}],"curies":[{"name":"wp","href":"https:\/\/api.w.org\/{rel}","templated":true}]}}