{"id":22891,"date":"2022-08-02T00:59:35","date_gmt":"2022-08-02T00:59:35","guid":{"rendered":"https:\/\/www.elpolitologoyelpolitico.com.ar\/wordpress\/?p=22891"},"modified":"2022-08-02T01:00:16","modified_gmt":"2022-08-02T01:00:16","slug":"importantes-avances-en-la-obra-de-construccion-del-nuevo-edificio-del-jardin-910-de-carmen-de-patagones","status":"publish","type":"post","link":"https:\/\/www.elpolitologoyelpolitico.com.ar\/wordpress\/2022\/08\/02\/importantes-avances-en-la-obra-de-construccion-del-nuevo-edificio-del-jardin-910-de-carmen-de-patagones\/","title":{"rendered":"Importantes avances en la obra de construcci\u00f3n del nuevo edificio del Jard\u00edn 910, de Carmen de Patagones"},"content":{"rendered":"\n<p>Con importantes avances, contin\u00faa la obra de construcci\u00f3n del Jard\u00edn de Infantes N\u00b0910, en Carmen de Patagones.&nbsp;<\/p>\n\n\n\n<p>La misma abarca unos 480 metros cuadrados e incluye 3 aulas, cada una con patio y sanitario individual, una cocina, sal\u00f3n de usos m\u00faltiples y dependencia administrativa.&nbsp;<\/p>\n\n\n\n<p>El edificio est\u00e1 ubicado entre las calles Ram\u00f3n Ocampo y Arturo Ill\u00eda y el proyecto responde a un hist\u00f3rico pedido del cuerpo docente y la comunidad educativa, cuyas actividades se desarrollan actualmente en la sede del barrio Villa Mazzini, donde se realizaron diversas refacciones y una importante obra de ampliaci\u00f3n, en tanto se concreta el anhelado edificio propio.&nbsp;<\/p>\n\n\n\n<p>Fue gestionado por el Intendente, Jos\u00e9 Luis Zara, quien luego de insistentes pedidos logr\u00f3 la respuesta del Gobierno de la Provincia, que invertir\u00e1 $60.844.718,25.<\/p>\n\n\n\n<figure class=\"wp-block-video\"><video height=\"352\" style=\"aspect-ratio: 640 \/ 352;\" width=\"640\" controls src=\"https:\/\/www.elpolitologoyelpolitico.com.ar\/wp-content\/uploads\/2022\/08\/VID-20220801-WA0010.mp4\"><\/video><\/figure>\n<div class=\"fb-background-color\">\n\t\t\t  <div \n\t\t\t  \tclass = \"fb-comments\" \n\t\t\t  \tdata-href = \"https:\/\/www.elpolitologoyelpolitico.com.ar\/wordpress\/2022\/08\/02\/importantes-avances-en-la-obra-de-construccion-del-nuevo-edificio-del-jardin-910-de-carmen-de-patagones\/\"\n\t\t\t  \tdata-numposts = \"10\"\n\t\t\t  \tdata-lazy = \"true\"\n\t\t\t\tdata-colorscheme = \"light\"\n\t\t\t\tdata-order-by = \"social\"\n\t\t\t\tdata-mobile=true>\n\t\t\t  <\/div><\/div>\n\t\t  <style>\n\t\t    .fb-background-color {\n\t\t\t\tbackground: #ffffff !important;\n\t\t\t}\n\t\t\t.fb_iframe_widget_fluid_desktop iframe {\n\t\t\t    width: 100% !important;\n\t\t\t}\n\t\t  <\/style>\n\t\t  ","protected":false},"excerpt":{"rendered":"<p>Con importantes avances, contin\u00faa la obra de construcci\u00f3n del Jard\u00edn de Infantes N\u00b0910, en Carmen de Patagones.&nbsp; La misma abarca unos 480 metros cuadrados e incluye 3 aulas, cada una con patio y sanitario individual, una cocina, sal\u00f3n de usos m\u00faltiples y dependencia administrativa.&nbsp; El edificio est\u00e1 ubicado entre las calles Ram\u00f3n Ocampo y Arturo [&hellip;]<\/p>\n","protected":false},"author":4,"featured_media":0,"comment_status":"closed","ping_status":"closed","sticky":false,"template":"","format":"standard","meta":{"_joinchat":[],"footnotes":""},"categories":[4],"tags":[],"class_list":["post-22891","post","type-post","status-publish","format-standard","hentry","category-politicas-publicas"],"_links":{"self":[{"href":"https:\/\/www.elpolitologoyelpolitico.com.ar\/wordpress\/wp-json\/wp\/v2\/posts\/22891","targetHints":{"allow":["GET"]}}],"collection":[{"href":"https:\/\/www.elpolitologoyelpolitico.com.ar\/wordpress\/wp-json\/wp\/v2\/posts"}],"about":[{"href":"https:\/\/www.elpolitologoyelpolitico.com.ar\/wordpress\/wp-json\/wp\/v2\/types\/post"}],"author":[{"embeddable":true,"href":"https:\/\/www.elpolitologoyelpolitico.com.ar\/wordpress\/wp-json\/wp\/v2\/users\/4"}],"replies":[{"embeddable":true,"href":"https:\/\/www.elpolitologoyelpolitico.com.ar\/wordpress\/wp-json\/wp\/v2\/comments?post=22891"}],"version-history":[{"count":0,"href":"https:\/\/www.elpolitologoyelpolitico.com.ar\/wordpress\/wp-json\/wp\/v2\/posts\/22891\/revisions"}],"wp:attachment":[{"href":"https:\/\/www.elpolitologoyelpolitico.com.ar\/wordpress\/wp-json\/wp\/v2\/media?parent=22891"}],"wp:term":[{"taxonomy":"category","embeddable":true,"href":"https:\/\/www.elpolitologoyelpolitico.com.ar\/wordpress\/wp-json\/wp\/v2\/categories?post=22891"},{"taxonomy":"post_tag","embeddable":true,"href":"https:\/\/www.elpolitologoyelpolitico.com.ar\/wordpress\/wp-json\/wp\/v2\/tags?post=22891"}],"curies":[{"name":"wp","href":"https:\/\/api.w.org\/{rel}","templated":true}]}}