{"id":22877,"date":"2022-08-01T13:24:33","date_gmt":"2022-08-01T13:24:33","guid":{"rendered":"https:\/\/www.elpolitologoyelpolitico.com.ar\/wordpress\/?p=22877"},"modified":"2022-08-01T13:25:20","modified_gmt":"2022-08-01T13:25:20","slug":"viedma-patagones-empiezan-los-arreglos-del-catamaran","status":"publish","type":"post","link":"https:\/\/www.elpolitologoyelpolitico.com.ar\/wordpress\/2022\/08\/01\/viedma-patagones-empiezan-los-arreglos-del-catamaran\/","title":{"rendered":"Viedma- Patagones: Empiezan los arreglos del Catamar\u00e1n"},"content":{"rendered":"\n<p>El catamar\u00e1n tienen una identidad para las vecinas y los vecinos de La Comarca Viedma- Patagones y para los Turistas.<\/p>\n\n\n\n<p>Hace varios meses que se encuentra parado y sin funcionamiento. Es que son varios los arreglos que hay que realizar y el dinero a invertir es mucho.&nbsp;<\/p>\n\n\n\n<p>Pero el Legislador Marcelo Szczygol expres\u00f3 <strong>\u201cEsta semana la empresa privada comienza con los arreglos del catamar\u00e1n\u201d&nbsp;<\/strong><\/p>\n\n\n\n<p>Adem\u00e1s indic\u00f3 <strong>\u201cA pesar de los problemas econ\u00f3micos, la inversi\u00f3n ser\u00e1 la misma porque la empresa no nos va a aumentar por su trabajo\u201d&nbsp;<\/strong><\/p>\n\n\n\n<p>El Gobierno de R\u00edo Negro, la Municipalidad de Viedma y la Asociaci\u00f3n Amigos del Catamar\u00e1n vienen trabajando para ultimar los detalles correspondiente y que pronto el Catamar\u00e1n pueda volver a recorrer el Rio Negro.\u00a0<\/p>\n\n\n\n<figure class=\"wp-block-gallery has-nested-images columns-default is-cropped wp-block-gallery-1 is-layout-flex wp-block-gallery-is-layout-flex\">\n<figure class=\"wp-block-image size-large\"><img fetchpriority=\"high\" decoding=\"async\" width=\"720\" height=\"480\" data-id=\"22880\" src=\"https:\/\/www.elpolitologoyelpolitico.com.ar\/wp-content\/uploads\/2022\/08\/IMG-20220801-WA0006.jpg\" alt=\"\" class=\"wp-image-22880\" srcset=\"https:\/\/www.elpolitologoyelpolitico.com.ar\/wp-content\/uploads\/2022\/08\/IMG-20220801-WA0006.jpg 720w, https:\/\/www.elpolitologoyelpolitico.com.ar\/wp-content\/uploads\/2022\/08\/IMG-20220801-WA0006-300x200.jpg 300w\" sizes=\"(max-width: 720px) 100vw, 720px\" \/><\/figure>\n\n\n\n<figure class=\"wp-block-image size-large\"><img decoding=\"async\" width=\"720\" height=\"540\" data-id=\"22879\" src=\"https:\/\/www.elpolitologoyelpolitico.com.ar\/wp-content\/uploads\/2022\/08\/IMG-20220801-WA0007.jpg\" alt=\"\" class=\"wp-image-22879\" srcset=\"https:\/\/www.elpolitologoyelpolitico.com.ar\/wp-content\/uploads\/2022\/08\/IMG-20220801-WA0007.jpg 720w, https:\/\/www.elpolitologoyelpolitico.com.ar\/wp-content\/uploads\/2022\/08\/IMG-20220801-WA0007-300x225.jpg 300w\" sizes=\"(max-width: 720px) 100vw, 720px\" \/><\/figure>\n<\/figure>\n<div class=\"fb-background-color\">\n\t\t\t  <div \n\t\t\t  \tclass = \"fb-comments\" \n\t\t\t  \tdata-href = \"https:\/\/www.elpolitologoyelpolitico.com.ar\/wordpress\/2022\/08\/01\/viedma-patagones-empiezan-los-arreglos-del-catamaran\/\"\n\t\t\t  \tdata-numposts = \"10\"\n\t\t\t  \tdata-lazy = \"true\"\n\t\t\t\tdata-colorscheme = \"light\"\n\t\t\t\tdata-order-by = \"social\"\n\t\t\t\tdata-mobile=true>\n\t\t\t  <\/div><\/div>\n\t\t  <style>\n\t\t    .fb-background-color {\n\t\t\t\tbackground: #ffffff !important;\n\t\t\t}\n\t\t\t.fb_iframe_widget_fluid_desktop iframe {\n\t\t\t    width: 100% !important;\n\t\t\t}\n\t\t  <\/style>\n\t\t  ","protected":false},"excerpt":{"rendered":"<p>El catamar\u00e1n tienen una identidad para las vecinas y los vecinos de La Comarca Viedma- Patagones y para los Turistas. Hace varios meses que se encuentra parado y sin funcionamiento. Es que son varios los arreglos que hay que realizar y el dinero a invertir es mucho.&nbsp; Pero el Legislador Marcelo Szczygol expres\u00f3 \u201cEsta semana [&hellip;]<\/p>\n","protected":false},"author":4,"featured_media":22878,"comment_status":"closed","ping_status":"closed","sticky":false,"template":"","format":"standard","meta":{"_joinchat":[],"footnotes":""},"categories":[39],"tags":[],"class_list":["post-22877","post","type-post","status-publish","format-standard","has-post-thumbnail","hentry","category-en-esta-seccion"],"_links":{"self":[{"href":"https:\/\/www.elpolitologoyelpolitico.com.ar\/wordpress\/wp-json\/wp\/v2\/posts\/22877","targetHints":{"allow":["GET"]}}],"collection":[{"href":"https:\/\/www.elpolitologoyelpolitico.com.ar\/wordpress\/wp-json\/wp\/v2\/posts"}],"about":[{"href":"https:\/\/www.elpolitologoyelpolitico.com.ar\/wordpress\/wp-json\/wp\/v2\/types\/post"}],"author":[{"embeddable":true,"href":"https:\/\/www.elpolitologoyelpolitico.com.ar\/wordpress\/wp-json\/wp\/v2\/users\/4"}],"replies":[{"embeddable":true,"href":"https:\/\/www.elpolitologoyelpolitico.com.ar\/wordpress\/wp-json\/wp\/v2\/comments?post=22877"}],"version-history":[{"count":0,"href":"https:\/\/www.elpolitologoyelpolitico.com.ar\/wordpress\/wp-json\/wp\/v2\/posts\/22877\/revisions"}],"wp:featuredmedia":[{"embeddable":true,"href":"https:\/\/www.elpolitologoyelpolitico.com.ar\/wordpress\/wp-json\/wp\/v2\/media\/22878"}],"wp:attachment":[{"href":"https:\/\/www.elpolitologoyelpolitico.com.ar\/wordpress\/wp-json\/wp\/v2\/media?parent=22877"}],"wp:term":[{"taxonomy":"category","embeddable":true,"href":"https:\/\/www.elpolitologoyelpolitico.com.ar\/wordpress\/wp-json\/wp\/v2\/categories?post=22877"},{"taxonomy":"post_tag","embeddable":true,"href":"https:\/\/www.elpolitologoyelpolitico.com.ar\/wordpress\/wp-json\/wp\/v2\/tags?post=22877"}],"curies":[{"name":"wp","href":"https:\/\/api.w.org\/{rel}","templated":true}]}}