{"id":22850,"date":"2022-07-31T23:10:01","date_gmt":"2022-07-31T23:10:01","guid":{"rendered":"https:\/\/www.elpolitologoyelpolitico.com.ar\/wordpress\/?p=22850"},"modified":"2022-07-31T23:11:30","modified_gmt":"2022-07-31T23:11:30","slug":"finalizo-la-etapa-clasificatoria-local-de-futbol-de-los-juegos-evita-2022","status":"publish","type":"post","link":"https:\/\/www.elpolitologoyelpolitico.com.ar\/wordpress\/2022\/07\/31\/finalizo-la-etapa-clasificatoria-local-de-futbol-de-los-juegos-evita-2022\/","title":{"rendered":"Finaliz\u00f3 la etapa clasificatoria local de f\u00fatbol de los Juegos Evita 2022"},"content":{"rendered":"\n<p>Este fin de semana se llev\u00f3 adelante la instancia clasificatoria de f\u00fatbol local para los Juegos Nacionales Evita 2022.<\/p>\n\n\n\n<p>Este domingo se disputaron las semifinales entre los equipos San Javier (3) Vs. \u00c1lvarez Guerrero (0) La esquina (0) Vs. 30 de marzo (4) (Sub 14)&nbsp; y Almirante Brown (0) Vs. Desamparados FC (12) (Sub 16).<\/p>\n\n\n\n<p>Por la categor\u00eda Sub 16 el pr\u00f3ximo domingo se enfrentar\u00e1n a la final los equipos Club 30 de marzo Vs. Desamparados.&nbsp;<\/p>\n\n\n\n<p>En la categor\u00eda Sub 14 se enfrentar\u00e1n el Club 30 de marzo Vs. Club San Javier y en f\u00fatbol 7 mixto, categor\u00eda 2009\/2010, la Escuela de F\u00fatbol CTEP Vs. Club&nbsp; Defensores del Guido.<\/p>\n\n\n\n<p>Durante la competencia participaron en su totalidad clubes barriales, donde se anotaron 17 equipos en categor\u00edas f\u00fatbol 11 masculino Sub 14 (2008, 2009, 2010) f\u00fatbol 11 masculino Sub 16 (2006, 2007) y f\u00fatbol mixto Sub 14 (2009, 2010).<\/p>\n\n\n\n<p>Los Juegos Evita cuentan con el acompa\u00f1amiento del gobierno de Viedma y la Liga&nbsp; Atl\u00e1ntica Sur y se desarrollar\u00e1n hasta el 6 de agosto, fecha en la que se jugar\u00e1 la etapa final.<\/p>\n\n\n\n<p>Los Juegos Nacionales Evita son la principal competencia deportiva de Argentina y son organizados en todo el pa\u00eds por la Secretar\u00eda de Deportes del Ministerio de Turismo y Deportes de la Naci\u00f3n.<\/p>\n\n\n\n<p>Este programa deportivo re\u00fane 63 disciplinas y un sistema de competencias compuesto por dos etapas: un proceso clasificatorio en cada provincia en el que participan alrededor de 1 mill\u00f3n de ni\u00f1os, ni\u00f1as, j\u00f3venes y personas mayores de cada rinc\u00f3n del pa\u00eds y una fase final, dividida en cinco grandes eventos, a la que acceden 25 mil competidores.<\/p>\n\n\n\n<figure class=\"wp-block-gallery has-nested-images columns-default is-cropped wp-block-gallery-1 is-layout-flex wp-block-gallery-is-layout-flex\">\n<figure class=\"wp-block-image size-large\"><img fetchpriority=\"high\" decoding=\"async\" width=\"720\" height=\"463\" data-id=\"22853\" src=\"https:\/\/www.elpolitologoyelpolitico.com.ar\/wp-content\/uploads\/2022\/07\/IMG-20220731-WA0017.jpg\" alt=\"\" class=\"wp-image-22853\" srcset=\"https:\/\/www.elpolitologoyelpolitico.com.ar\/wp-content\/uploads\/2022\/07\/IMG-20220731-WA0017.jpg 720w, https:\/\/www.elpolitologoyelpolitico.com.ar\/wp-content\/uploads\/2022\/07\/IMG-20220731-WA0017-300x193.jpg 300w\" sizes=\"(max-width: 720px) 100vw, 720px\" \/><\/figure>\n\n\n\n<figure class=\"wp-block-image size-large\"><img decoding=\"async\" width=\"720\" height=\"480\" data-id=\"22854\" src=\"https:\/\/www.elpolitologoyelpolitico.com.ar\/wp-content\/uploads\/2022\/07\/IMG-20220731-WA0015.jpg\" alt=\"\" class=\"wp-image-22854\" srcset=\"https:\/\/www.elpolitologoyelpolitico.com.ar\/wp-content\/uploads\/2022\/07\/IMG-20220731-WA0015.jpg 720w, https:\/\/www.elpolitologoyelpolitico.com.ar\/wp-content\/uploads\/2022\/07\/IMG-20220731-WA0015-300x200.jpg 300w\" sizes=\"(max-width: 720px) 100vw, 720px\" \/><\/figure>\n\n\n\n<figure class=\"wp-block-image size-large\"><img decoding=\"async\" width=\"720\" height=\"468\" data-id=\"22855\" src=\"https:\/\/www.elpolitologoyelpolitico.com.ar\/wp-content\/uploads\/2022\/07\/IMG-20220731-WA0016.jpg\" alt=\"\" class=\"wp-image-22855\" srcset=\"https:\/\/www.elpolitologoyelpolitico.com.ar\/wp-content\/uploads\/2022\/07\/IMG-20220731-WA0016.jpg 720w, https:\/\/www.elpolitologoyelpolitico.com.ar\/wp-content\/uploads\/2022\/07\/IMG-20220731-WA0016-300x195.jpg 300w\" sizes=\"(max-width: 720px) 100vw, 720px\" \/><\/figure>\n\n\n\n<figure class=\"wp-block-image size-large\"><img loading=\"lazy\" decoding=\"async\" width=\"720\" height=\"505\" data-id=\"22856\" src=\"https:\/\/www.elpolitologoyelpolitico.com.ar\/wp-content\/uploads\/2022\/07\/IMG-20220731-WA0014.jpg\" alt=\"\" class=\"wp-image-22856\" srcset=\"https:\/\/www.elpolitologoyelpolitico.com.ar\/wp-content\/uploads\/2022\/07\/IMG-20220731-WA0014.jpg 720w, https:\/\/www.elpolitologoyelpolitico.com.ar\/wp-content\/uploads\/2022\/07\/IMG-20220731-WA0014-300x210.jpg 300w\" sizes=\"(max-width: 720px) 100vw, 720px\" \/><\/figure>\n<\/figure>\n\n\n\n<p><\/p>\n\n\n\n<p><\/p>\n<div class=\"fb-background-color\">\n\t\t\t  <div \n\t\t\t  \tclass = \"fb-comments\" \n\t\t\t  \tdata-href = \"https:\/\/www.elpolitologoyelpolitico.com.ar\/wordpress\/2022\/07\/31\/finalizo-la-etapa-clasificatoria-local-de-futbol-de-los-juegos-evita-2022\/\"\n\t\t\t  \tdata-numposts = \"10\"\n\t\t\t  \tdata-lazy = \"true\"\n\t\t\t\tdata-colorscheme = \"light\"\n\t\t\t\tdata-order-by = \"social\"\n\t\t\t\tdata-mobile=true>\n\t\t\t  <\/div><\/div>\n\t\t  <style>\n\t\t    .fb-background-color {\n\t\t\t\tbackground: #ffffff !important;\n\t\t\t}\n\t\t\t.fb_iframe_widget_fluid_desktop iframe {\n\t\t\t    width: 100% !important;\n\t\t\t}\n\t\t  <\/style>\n\t\t  ","protected":false},"excerpt":{"rendered":"<p>Este fin de semana se llev\u00f3 adelante la instancia clasificatoria de f\u00fatbol local para los Juegos Nacionales Evita 2022. Este domingo se disputaron las semifinales entre los equipos San Javier (3) Vs. \u00c1lvarez Guerrero (0) La esquina (0) Vs. 30 de marzo (4) (Sub 14)&nbsp; y Almirante Brown (0) Vs. Desamparados FC (12) (Sub 16). [&hellip;]<\/p>\n","protected":false},"author":4,"featured_media":22851,"comment_status":"closed","ping_status":"closed","sticky":false,"template":"","format":"standard","meta":{"_joinchat":[],"footnotes":""},"categories":[39],"tags":[],"class_list":["post-22850","post","type-post","status-publish","format-standard","has-post-thumbnail","hentry","category-en-esta-seccion"],"_links":{"self":[{"href":"https:\/\/www.elpolitologoyelpolitico.com.ar\/wordpress\/wp-json\/wp\/v2\/posts\/22850","targetHints":{"allow":["GET"]}}],"collection":[{"href":"https:\/\/www.elpolitologoyelpolitico.com.ar\/wordpress\/wp-json\/wp\/v2\/posts"}],"about":[{"href":"https:\/\/www.elpolitologoyelpolitico.com.ar\/wordpress\/wp-json\/wp\/v2\/types\/post"}],"author":[{"embeddable":true,"href":"https:\/\/www.elpolitologoyelpolitico.com.ar\/wordpress\/wp-json\/wp\/v2\/users\/4"}],"replies":[{"embeddable":true,"href":"https:\/\/www.elpolitologoyelpolitico.com.ar\/wordpress\/wp-json\/wp\/v2\/comments?post=22850"}],"version-history":[{"count":0,"href":"https:\/\/www.elpolitologoyelpolitico.com.ar\/wordpress\/wp-json\/wp\/v2\/posts\/22850\/revisions"}],"wp:featuredmedia":[{"embeddable":true,"href":"https:\/\/www.elpolitologoyelpolitico.com.ar\/wordpress\/wp-json\/wp\/v2\/media\/22851"}],"wp:attachment":[{"href":"https:\/\/www.elpolitologoyelpolitico.com.ar\/wordpress\/wp-json\/wp\/v2\/media?parent=22850"}],"wp:term":[{"taxonomy":"category","embeddable":true,"href":"https:\/\/www.elpolitologoyelpolitico.com.ar\/wordpress\/wp-json\/wp\/v2\/categories?post=22850"},{"taxonomy":"post_tag","embeddable":true,"href":"https:\/\/www.elpolitologoyelpolitico.com.ar\/wordpress\/wp-json\/wp\/v2\/tags?post=22850"}],"curies":[{"name":"wp","href":"https:\/\/api.w.org\/{rel}","templated":true}]}}