{"id":22844,"date":"2022-07-31T20:20:41","date_gmt":"2022-07-31T20:20:41","guid":{"rendered":"https:\/\/www.elpolitologoyelpolitico.com.ar\/wordpress\/?p=22844"},"modified":"2022-07-31T20:21:45","modified_gmt":"2022-07-31T20:21:45","slug":"invierno-epico-en-rio-negro-bariloche-corono-la-temporada-con-un-95-de-ocupacion","status":"publish","type":"post","link":"https:\/\/www.elpolitologoyelpolitico.com.ar\/wordpress\/2022\/07\/31\/invierno-epico-en-rio-negro-bariloche-corono-la-temporada-con-un-95-de-ocupacion\/","title":{"rendered":"Invierno \u00c9pico en R\u00edo Negro: Bariloche coron\u00f3 la temporada con un 95% de ocupaci\u00f3n"},"content":{"rendered":"\n<p>En el cierre del mes de julio, San Carlos de Bariloche sigue siendo el destino m\u00e1s elegido por el turismo de invierno nacional y extranjero, ubic\u00e1ndose, nuevamente, entre las ciudades m\u00e1s visitadas del pa\u00eds. Asimismo, otros destinos de la provincia experimentaron cifras ascendentes a medida que avanz\u00f3 el mes, dejando un buen balance de temporada.<\/p>\n\n\n\n<p>Seg\u00fan datos obtenidos por el Observatorio Tur\u00edstico de R\u00edo Negro las ciudades cordilleranas fueron las que captaron la mayor cantidad de turistas en el mes de vacaciones invernales, con San Carlos de Bariloche como la ciudad m\u00e1s elegida, con un promedio de 95% de ocupaci\u00f3n en la segunda quincena del mes; n\u00fameros que fueron en aumento luego de registrar un 90% en la primera mitad del receso invernal.<\/p>\n\n\n\n<p>Cabe destacar, que esta importante cantidad de visitantes es el resultado del gran afluente de turistas provenientes de los principales destinos emisivos del pa\u00eds y del exterior, en especial de Brasil, lo cual le dio una impronta muy distinta y positiva a esta temporada de Invierno \u00c9pico.<\/p>\n\n\n\n<p>Otros destinos de la cordillera (El Bols\u00f3n, Dina Huapi y El Manso) recibieron afluencia de viajeros durante el mes de julio, principalmente durante las semanas de vacaciones, arrojando una ocupaci\u00f3n promedio mensual que supera el 50%, principalmente en El Bols\u00f3n, localidad que se posiciona fuertemente como un destino de invierno a ra\u00edz del importante crecimiento del centro de esqu\u00ed del Perito Moreno.<\/p>\n\n\n\n<p>Durante d\u00edas pico con un mayor flujo de pasajeros, la ciudad tambi\u00e9n recibi\u00f3 turistas extranjeros provenientes de Brasil y Uruguay, y de provincias argentinas que vivenciaron las alternativas y los servicios que se prestan.<\/p>\n\n\n\n<p>Finalizaron las vacaciones, pero los centros tur\u00edsticos andinos contin\u00faan ofreciendo experiencias en esta \u00e9poca del a\u00f1o. La nieve, por ejemplo, seguir\u00e1 atrayendo a esquiadores y familias que deseen disfrutar de la monta\u00f1a, debido a la gran acumulaci\u00f3n registrada durante el a\u00f1o, por lo que se prev\u00e9 que los centros de esqu\u00ed cuenten con este recurso durante el mes de agosto, extendiendo as\u00ed los buenos \u00edndices de reservas.<\/p>\n\n\n\n<figure class=\"wp-block-image size-large\"><img fetchpriority=\"high\" decoding=\"async\" width=\"1024\" height=\"681\" src=\"https:\/\/www.elpolitologoyelpolitico.com.ar\/wp-content\/uploads\/2022\/07\/IMG-20220731-WA0005-1024x681.jpg\" alt=\"\" class=\"wp-image-22846\" srcset=\"https:\/\/www.elpolitologoyelpolitico.com.ar\/wp-content\/uploads\/2022\/07\/IMG-20220731-WA0005-1024x681.jpg 1024w, https:\/\/www.elpolitologoyelpolitico.com.ar\/wp-content\/uploads\/2022\/07\/IMG-20220731-WA0005-300x200.jpg 300w, https:\/\/www.elpolitologoyelpolitico.com.ar\/wp-content\/uploads\/2022\/07\/IMG-20220731-WA0005-768x511.jpg 768w, https:\/\/www.elpolitologoyelpolitico.com.ar\/wp-content\/uploads\/2022\/07\/IMG-20220731-WA0005.jpg 1040w\" sizes=\"(max-width: 1024px) 100vw, 1024px\" \/><\/figure>\n\n\n\n<p><strong>El mar tambi\u00e9n ofreci\u00f3 experiencias invernales<\/strong><\/p>\n\n\n\n<p>En la regi\u00f3n Mar, (Viedma \/ El C\u00f3ndor, SAO Las Grutas, Playas Doradas) uno de los destinos consolidados de la provincia como es Las Grutas cierra con un porcentaje de ocupaci\u00f3n que ronda el 60% de las plazas disponibles en esta \u00e9poca del a\u00f1o, al igual que Viedma las cifras similares de ocupaci\u00f3n durante fines de semana de receso.<\/p>\n\n\n\n<p>El pr\u00f3ximo fin de semana largo de agosto, Las Grutas presentar\u00e1 las ofertas tur\u00edsticas en el marco de la temporada de avistaje de fauna marina, que se intensifica en estos meses por la llegada de nuevas especies al Golfo San Mat\u00edas.<\/p>\n\n\n\n<p>En tanto que la capital rionegrina tambi\u00e9n tendr\u00e1 un evento similar con el fin de promocionar la actividad desde un escenario majestuoso como lo es el Camino de la Costa, el balneario El C\u00f3ndor, La Lober\u00eda, el \u00c1rea Natural Protegida, Punta Bermeja para contemplar el comportamiento de la colonia de lobos marinos m\u00e1s grande de Sudam\u00e9rica, dem\u00e1s especies de fauna marina y la amplia diversidad de avifauna que reina en la zona.<\/p>\n\n\n\n<p>En resumen, durante el mes de julio, ingresaron a los destinos m\u00e1s concurridos de la provincia (Bariloche, El Bols\u00f3n, Viedma y Las Grutas) un total de 225.766 pasajeros.<\/p>\n\n\n\n<figure class=\"wp-block-image size-large\"><img decoding=\"async\" width=\"1024\" height=\"576\" src=\"https:\/\/www.elpolitologoyelpolitico.com.ar\/wp-content\/uploads\/2022\/07\/IMG-20220731-WA0006-1024x576.jpg\" alt=\"\" class=\"wp-image-22847\" srcset=\"https:\/\/www.elpolitologoyelpolitico.com.ar\/wp-content\/uploads\/2022\/07\/IMG-20220731-WA0006-1024x576.jpg 1024w, https:\/\/www.elpolitologoyelpolitico.com.ar\/wp-content\/uploads\/2022\/07\/IMG-20220731-WA0006-300x169.jpg 300w, https:\/\/www.elpolitologoyelpolitico.com.ar\/wp-content\/uploads\/2022\/07\/IMG-20220731-WA0006-768x432.jpg 768w, https:\/\/www.elpolitologoyelpolitico.com.ar\/wp-content\/uploads\/2022\/07\/IMG-20220731-WA0006.jpg 1280w\" sizes=\"(max-width: 1024px) 100vw, 1024px\" \/><\/figure>\n<div class=\"fb-background-color\">\n\t\t\t  <div \n\t\t\t  \tclass = \"fb-comments\" \n\t\t\t  \tdata-href = \"https:\/\/www.elpolitologoyelpolitico.com.ar\/wordpress\/2022\/07\/31\/invierno-epico-en-rio-negro-bariloche-corono-la-temporada-con-un-95-de-ocupacion\/\"\n\t\t\t  \tdata-numposts = \"10\"\n\t\t\t  \tdata-lazy = \"true\"\n\t\t\t\tdata-colorscheme = \"light\"\n\t\t\t\tdata-order-by = \"social\"\n\t\t\t\tdata-mobile=true>\n\t\t\t  <\/div><\/div>\n\t\t  <style>\n\t\t    .fb-background-color {\n\t\t\t\tbackground: #ffffff !important;\n\t\t\t}\n\t\t\t.fb_iframe_widget_fluid_desktop iframe {\n\t\t\t    width: 100% !important;\n\t\t\t}\n\t\t  <\/style>\n\t\t  ","protected":false},"excerpt":{"rendered":"<p>En el cierre del mes de julio, San Carlos de Bariloche sigue siendo el destino m\u00e1s elegido por el turismo de invierno nacional y extranjero, ubic\u00e1ndose, nuevamente, entre las ciudades m\u00e1s visitadas del pa\u00eds. Asimismo, otros destinos de la provincia experimentaron cifras ascendentes a medida que avanz\u00f3 el mes, dejando un buen balance de temporada. [&hellip;]<\/p>\n","protected":false},"author":4,"featured_media":22845,"comment_status":"closed","ping_status":"closed","sticky":false,"template":"","format":"standard","meta":{"_joinchat":[],"footnotes":""},"categories":[4],"tags":[],"class_list":["post-22844","post","type-post","status-publish","format-standard","has-post-thumbnail","hentry","category-politicas-publicas"],"_links":{"self":[{"href":"https:\/\/www.elpolitologoyelpolitico.com.ar\/wordpress\/wp-json\/wp\/v2\/posts\/22844","targetHints":{"allow":["GET"]}}],"collection":[{"href":"https:\/\/www.elpolitologoyelpolitico.com.ar\/wordpress\/wp-json\/wp\/v2\/posts"}],"about":[{"href":"https:\/\/www.elpolitologoyelpolitico.com.ar\/wordpress\/wp-json\/wp\/v2\/types\/post"}],"author":[{"embeddable":true,"href":"https:\/\/www.elpolitologoyelpolitico.com.ar\/wordpress\/wp-json\/wp\/v2\/users\/4"}],"replies":[{"embeddable":true,"href":"https:\/\/www.elpolitologoyelpolitico.com.ar\/wordpress\/wp-json\/wp\/v2\/comments?post=22844"}],"version-history":[{"count":0,"href":"https:\/\/www.elpolitologoyelpolitico.com.ar\/wordpress\/wp-json\/wp\/v2\/posts\/22844\/revisions"}],"wp:featuredmedia":[{"embeddable":true,"href":"https:\/\/www.elpolitologoyelpolitico.com.ar\/wordpress\/wp-json\/wp\/v2\/media\/22845"}],"wp:attachment":[{"href":"https:\/\/www.elpolitologoyelpolitico.com.ar\/wordpress\/wp-json\/wp\/v2\/media?parent=22844"}],"wp:term":[{"taxonomy":"category","embeddable":true,"href":"https:\/\/www.elpolitologoyelpolitico.com.ar\/wordpress\/wp-json\/wp\/v2\/categories?post=22844"},{"taxonomy":"post_tag","embeddable":true,"href":"https:\/\/www.elpolitologoyelpolitico.com.ar\/wordpress\/wp-json\/wp\/v2\/tags?post=22844"}],"curies":[{"name":"wp","href":"https:\/\/api.w.org\/{rel}","templated":true}]}}