{"id":22840,"date":"2022-07-31T19:43:16","date_gmt":"2022-07-31T19:43:16","guid":{"rendered":"https:\/\/www.elpolitologoyelpolitico.com.ar\/wordpress\/?p=22840"},"modified":"2022-07-31T19:44:03","modified_gmt":"2022-07-31T19:44:03","slug":"la-policia-detuvo-a-dos-hombres-por-embestir-a-personas-que-realizan-un-acampe-en-viedma","status":"publish","type":"post","link":"https:\/\/www.elpolitologoyelpolitico.com.ar\/wordpress\/2022\/07\/31\/la-policia-detuvo-a-dos-hombres-por-embestir-a-personas-que-realizan-un-acampe-en-viedma\/","title":{"rendered":"La Polic\u00eda detuvo a dos hombres por embestir a personas que realizan un acampe en Viedma"},"content":{"rendered":"\n<p>La Polic\u00eda de R\u00edo Negro detuvo este domingo a dos hombres mayores de edad, responsables de la colisi\u00f3n contra las personas que se encontraban en un acampe frente al edificio del Ministerio de Seguridad y Justicia de R\u00edo Negro.<\/p>\n\n\n\n<p>Se trata de Enzo Rainqueo y Rodrigo Jerem\u00edas Radelan, ambos de 20 a\u00f1os de edad, quienes se desplazaban en el veh\u00edculo que esta madrugada embisti\u00f3 al grupo en cuesti\u00f3n. Ambos arrojaron resultados positivos al realiz\u00e1rseles el test de alcoholemia.<\/p>\n\n\n\n<p>Ambas personas, una de las cuales ser\u00eda sobrino de un polic\u00eda retirado, se encuentran detenidas a la espera de la formulaci\u00f3n de los cargos correspondientes.<\/p>\n\n\n\n<p>En tanto, las autoridades del Ministerio de Seguridad y la Jefatura de Polic\u00eda pusieron al Departamento de Bienestar Social a disposici\u00f3n de los afectados.<\/p>\n<div class=\"fb-background-color\">\n\t\t\t  <div \n\t\t\t  \tclass = \"fb-comments\" \n\t\t\t  \tdata-href = \"https:\/\/www.elpolitologoyelpolitico.com.ar\/wordpress\/2022\/07\/31\/la-policia-detuvo-a-dos-hombres-por-embestir-a-personas-que-realizan-un-acampe-en-viedma\/\"\n\t\t\t  \tdata-numposts = \"10\"\n\t\t\t  \tdata-lazy = \"true\"\n\t\t\t\tdata-colorscheme = \"light\"\n\t\t\t\tdata-order-by = \"social\"\n\t\t\t\tdata-mobile=true>\n\t\t\t  <\/div><\/div>\n\t\t  <style>\n\t\t    .fb-background-color {\n\t\t\t\tbackground: #ffffff !important;\n\t\t\t}\n\t\t\t.fb_iframe_widget_fluid_desktop iframe {\n\t\t\t    width: 100% !important;\n\t\t\t}\n\t\t  <\/style>\n\t\t  ","protected":false},"excerpt":{"rendered":"<p>La Polic\u00eda de R\u00edo Negro detuvo este domingo a dos hombres mayores de edad, responsables de la colisi\u00f3n contra las personas que se encontraban en un acampe frente al edificio del Ministerio de Seguridad y Justicia de R\u00edo Negro. Se trata de Enzo Rainqueo y Rodrigo Jerem\u00edas Radelan, ambos de 20 a\u00f1os de edad, quienes [&hellip;]<\/p>\n","protected":false},"author":4,"featured_media":22841,"comment_status":"closed","ping_status":"closed","sticky":false,"template":"","format":"standard","meta":{"_joinchat":[],"footnotes":""},"categories":[39],"tags":[],"class_list":["post-22840","post","type-post","status-publish","format-standard","has-post-thumbnail","hentry","category-en-esta-seccion"],"_links":{"self":[{"href":"https:\/\/www.elpolitologoyelpolitico.com.ar\/wordpress\/wp-json\/wp\/v2\/posts\/22840","targetHints":{"allow":["GET"]}}],"collection":[{"href":"https:\/\/www.elpolitologoyelpolitico.com.ar\/wordpress\/wp-json\/wp\/v2\/posts"}],"about":[{"href":"https:\/\/www.elpolitologoyelpolitico.com.ar\/wordpress\/wp-json\/wp\/v2\/types\/post"}],"author":[{"embeddable":true,"href":"https:\/\/www.elpolitologoyelpolitico.com.ar\/wordpress\/wp-json\/wp\/v2\/users\/4"}],"replies":[{"embeddable":true,"href":"https:\/\/www.elpolitologoyelpolitico.com.ar\/wordpress\/wp-json\/wp\/v2\/comments?post=22840"}],"version-history":[{"count":0,"href":"https:\/\/www.elpolitologoyelpolitico.com.ar\/wordpress\/wp-json\/wp\/v2\/posts\/22840\/revisions"}],"wp:featuredmedia":[{"embeddable":true,"href":"https:\/\/www.elpolitologoyelpolitico.com.ar\/wordpress\/wp-json\/wp\/v2\/media\/22841"}],"wp:attachment":[{"href":"https:\/\/www.elpolitologoyelpolitico.com.ar\/wordpress\/wp-json\/wp\/v2\/media?parent=22840"}],"wp:term":[{"taxonomy":"category","embeddable":true,"href":"https:\/\/www.elpolitologoyelpolitico.com.ar\/wordpress\/wp-json\/wp\/v2\/categories?post=22840"},{"taxonomy":"post_tag","embeddable":true,"href":"https:\/\/www.elpolitologoyelpolitico.com.ar\/wordpress\/wp-json\/wp\/v2\/tags?post=22840"}],"curies":[{"name":"wp","href":"https:\/\/api.w.org\/{rel}","templated":true}]}}