{"id":22836,"date":"2022-07-31T01:57:36","date_gmt":"2022-07-31T01:57:36","guid":{"rendered":"https:\/\/www.elpolitologoyelpolitico.com.ar\/wordpress\/?p=22836"},"modified":"2022-07-31T01:58:10","modified_gmt":"2022-07-31T01:58:10","slug":"salud-continua-con-jornadas-de-trabajo-en-atencion-integral-de-salud-en-las-adolescencias","status":"publish","type":"post","link":"https:\/\/www.elpolitologoyelpolitico.com.ar\/wordpress\/2022\/07\/31\/salud-continua-con-jornadas-de-trabajo-en-atencion-integral-de-salud-en-las-adolescencias\/","title":{"rendered":"Salud contin\u00faa con jornadas de trabajo en atenci\u00f3n integral de salud en las adolescencias"},"content":{"rendered":"\n<p>Con importante participaci\u00f3n de agentes del equipo DAPA del hospital \u201cDr. Francisco L\u00f3pez Lima\u201d y personal de salud de hospitales de la zona se desarroll\u00f3, en General Roca, un nuevo encuentro de trabajo para repasar criterios en asesor\u00edas de salud integral en la adolescencia.<\/p>\n\n\n\n<p>Durante la jornada, organizada por la Coordinaci\u00f3n de Adolescencia junto a la jefatura del Departamento de Actividades Programadas para el \u00c1rea (DAPA), y a cargo del licenciado Juan Del Bene, se abordaron lineamientos del dispositivo \u00abAsesor\u00edas de Salud Integral en las Escuelas Secundarias\u00bb y se trabajaron aspectos centrales de \u00abAbordajes Integrales del Suicidio y las autolesiones en adolescentes\u00bb.<\/p>\n\n\n\n<p>En la ocasi\u00f3n, participaron equipos de salud de la localidad, profesionales y equipos de Ingeniero Huergo, Cinco Saltos y Cervantes.<\/p>\n\n\n\n<p>Cabe se\u00f1alar que este encuentro da continuidad a los trabajos que se vienen desarrollando desde la Coordinaci\u00f3n de Adolescencia, quienes ya hab\u00edan realizado jornadas similares con personal de salud de los distintos hospitales y Centros de Salud de zona Andina.<\/p>\n<div class=\"fb-background-color\">\n\t\t\t  <div \n\t\t\t  \tclass = \"fb-comments\" \n\t\t\t  \tdata-href = \"https:\/\/www.elpolitologoyelpolitico.com.ar\/wordpress\/2022\/07\/31\/salud-continua-con-jornadas-de-trabajo-en-atencion-integral-de-salud-en-las-adolescencias\/\"\n\t\t\t  \tdata-numposts = \"10\"\n\t\t\t  \tdata-lazy = \"true\"\n\t\t\t\tdata-colorscheme = \"light\"\n\t\t\t\tdata-order-by = \"social\"\n\t\t\t\tdata-mobile=true>\n\t\t\t  <\/div><\/div>\n\t\t  <style>\n\t\t    .fb-background-color {\n\t\t\t\tbackground: #ffffff !important;\n\t\t\t}\n\t\t\t.fb_iframe_widget_fluid_desktop iframe {\n\t\t\t    width: 100% !important;\n\t\t\t}\n\t\t  <\/style>\n\t\t  ","protected":false},"excerpt":{"rendered":"<p>Con importante participaci\u00f3n de agentes del equipo DAPA del hospital \u201cDr. Francisco L\u00f3pez Lima\u201d y personal de salud de hospitales de la zona se desarroll\u00f3, en General Roca, un nuevo encuentro de trabajo para repasar criterios en asesor\u00edas de salud integral en la adolescencia. Durante la jornada, organizada por la Coordinaci\u00f3n de Adolescencia junto a [&hellip;]<\/p>\n","protected":false},"author":4,"featured_media":22837,"comment_status":"closed","ping_status":"closed","sticky":false,"template":"","format":"standard","meta":{"_joinchat":[],"footnotes":""},"categories":[39],"tags":[],"class_list":["post-22836","post","type-post","status-publish","format-standard","has-post-thumbnail","hentry","category-en-esta-seccion"],"_links":{"self":[{"href":"https:\/\/www.elpolitologoyelpolitico.com.ar\/wordpress\/wp-json\/wp\/v2\/posts\/22836","targetHints":{"allow":["GET"]}}],"collection":[{"href":"https:\/\/www.elpolitologoyelpolitico.com.ar\/wordpress\/wp-json\/wp\/v2\/posts"}],"about":[{"href":"https:\/\/www.elpolitologoyelpolitico.com.ar\/wordpress\/wp-json\/wp\/v2\/types\/post"}],"author":[{"embeddable":true,"href":"https:\/\/www.elpolitologoyelpolitico.com.ar\/wordpress\/wp-json\/wp\/v2\/users\/4"}],"replies":[{"embeddable":true,"href":"https:\/\/www.elpolitologoyelpolitico.com.ar\/wordpress\/wp-json\/wp\/v2\/comments?post=22836"}],"version-history":[{"count":0,"href":"https:\/\/www.elpolitologoyelpolitico.com.ar\/wordpress\/wp-json\/wp\/v2\/posts\/22836\/revisions"}],"wp:featuredmedia":[{"embeddable":true,"href":"https:\/\/www.elpolitologoyelpolitico.com.ar\/wordpress\/wp-json\/wp\/v2\/media\/22837"}],"wp:attachment":[{"href":"https:\/\/www.elpolitologoyelpolitico.com.ar\/wordpress\/wp-json\/wp\/v2\/media?parent=22836"}],"wp:term":[{"taxonomy":"category","embeddable":true,"href":"https:\/\/www.elpolitologoyelpolitico.com.ar\/wordpress\/wp-json\/wp\/v2\/categories?post=22836"},{"taxonomy":"post_tag","embeddable":true,"href":"https:\/\/www.elpolitologoyelpolitico.com.ar\/wordpress\/wp-json\/wp\/v2\/tags?post=22836"}],"curies":[{"name":"wp","href":"https:\/\/api.w.org\/{rel}","templated":true}]}}