{"id":22821,"date":"2022-07-31T01:24:02","date_gmt":"2022-07-31T01:24:02","guid":{"rendered":"https:\/\/www.elpolitologoyelpolitico.com.ar\/wordpress\/?p=22821"},"modified":"2022-07-31T01:25:50","modified_gmt":"2022-07-31T01:25:50","slug":"con-musica-y-arte-el-artista-plastico-naco-fichetti-y-la-filarmonica-de-rio-negro-colmaron-el-centro-cultural","status":"publish","type":"post","link":"https:\/\/www.elpolitologoyelpolitico.com.ar\/wordpress\/2022\/07\/31\/con-musica-y-arte-el-artista-plastico-naco-fichetti-y-la-filarmonica-de-rio-negro-colmaron-el-centro-cultural\/","title":{"rendered":"Con m\u00fasica y arte el artista pl\u00e1stico Naco Fichetti y la Filarm\u00f3nica de R\u00edo Negro colmaron el Centro Cultural"},"content":{"rendered":"\n<p>La inauguraci\u00f3n de obras del artista pl\u00e1stico Naco Fichetti y el espect\u00e1culo&nbsp; infantil gratuito para infancias que brind\u00f3 la Filarm\u00f3nica de Rio Negro llenaron el Centro Cultural con m\u00fasica y arte para todas las edades.<\/p>\n\n\n\n<p>A partir de las 20, el artista pl\u00e1stico Naco Fichetti Inaugur\u00f3 su muestra en el Hall y galer\u00edas del edificio municipal, con t\u00e9cnicas como l\u00e1piz negro, l\u00e1piz de color, acuarela, acr\u00edlico en papel y en tela.<\/p>\n\n\n\n<p>Nacido en 1976 en Buenos Aires pero radicado en Viedma desde el primer mes de vida, Ignacio \u201cNaco\u201d Fichetti viene desarrollando una extensa trayectoria en el mundo del dibujo y la ilustraci\u00f3n.<\/p>\n\n\n\n<p>Asimismo, desde las 20 se present\u00f3 la Filarm\u00f3nica con la funci\u00f3n infantil \u201cPedro y el Lobo\u201d, donde ni\u00f1as, ni\u00f1os y adultos disfrutaron de la adaptaci\u00f3n del cuento.<\/p>\n\n\n\n<p>Con la Sala Mayor a tope, y debido a la gran demanda de p\u00fablico, se agreg\u00f3 un espect\u00e1culo gratuito m\u00e1s a partir de las 21.<\/p>\n\n\n\n<p>Las dos jornadas en las que se present\u00f3 la Filarm\u00f3nica fueron un \u00e9xito, con espect\u00e1culos para escuelas por la ma\u00f1ana y un show para toda la familia durante la tarde-noche, cientos de ni\u00f1os y ni\u00f1as escucharon atentamente la narraci\u00f3n acompa\u00f1ada de la melod\u00eda.<\/p>\n\n\n\n<p>Para la puesta en escena, la Orquesta cont\u00f3 con la participaci\u00f3n de la escritora y narradora Balkis Casasola y la direcci\u00f3n art\u00edstica y musical del Maestro Mart\u00edn Fraile Milstein.<\/p>\n\n\n\n<figure class=\"wp-block-gallery has-nested-images columns-default is-cropped wp-block-gallery-1 is-layout-flex wp-block-gallery-is-layout-flex\">\n<figure class=\"wp-block-image size-large\"><img fetchpriority=\"high\" decoding=\"async\" width=\"720\" height=\"480\" data-id=\"22823\" src=\"https:\/\/www.elpolitologoyelpolitico.com.ar\/wp-content\/uploads\/2022\/07\/IMG-20220730-WA0049.jpg\" alt=\"\" class=\"wp-image-22823\" srcset=\"https:\/\/www.elpolitologoyelpolitico.com.ar\/wp-content\/uploads\/2022\/07\/IMG-20220730-WA0049.jpg 720w, https:\/\/www.elpolitologoyelpolitico.com.ar\/wp-content\/uploads\/2022\/07\/IMG-20220730-WA0049-300x200.jpg 300w\" sizes=\"(max-width: 720px) 100vw, 720px\" \/><\/figure>\n\n\n\n<figure class=\"wp-block-image size-large\"><img decoding=\"async\" width=\"720\" height=\"480\" data-id=\"22824\" src=\"https:\/\/www.elpolitologoyelpolitico.com.ar\/wp-content\/uploads\/2022\/07\/IMG-20220730-WA0050.jpg\" alt=\"\" class=\"wp-image-22824\" srcset=\"https:\/\/www.elpolitologoyelpolitico.com.ar\/wp-content\/uploads\/2022\/07\/IMG-20220730-WA0050.jpg 720w, https:\/\/www.elpolitologoyelpolitico.com.ar\/wp-content\/uploads\/2022\/07\/IMG-20220730-WA0050-300x200.jpg 300w\" sizes=\"(max-width: 720px) 100vw, 720px\" \/><\/figure>\n\n\n\n<figure class=\"wp-block-image size-large\"><img decoding=\"async\" width=\"720\" height=\"540\" data-id=\"22825\" src=\"https:\/\/www.elpolitologoyelpolitico.com.ar\/wp-content\/uploads\/2022\/07\/IMG-20220730-WA0051.jpg\" alt=\"\" class=\"wp-image-22825\" srcset=\"https:\/\/www.elpolitologoyelpolitico.com.ar\/wp-content\/uploads\/2022\/07\/IMG-20220730-WA0051.jpg 720w, https:\/\/www.elpolitologoyelpolitico.com.ar\/wp-content\/uploads\/2022\/07\/IMG-20220730-WA0051-300x225.jpg 300w\" sizes=\"(max-width: 720px) 100vw, 720px\" \/><\/figure>\n\n\n\n<figure class=\"wp-block-image size-large\"><img loading=\"lazy\" decoding=\"async\" width=\"720\" height=\"480\" data-id=\"22826\" src=\"https:\/\/www.elpolitologoyelpolitico.com.ar\/wp-content\/uploads\/2022\/07\/IMG-20220730-WA0052.jpg\" alt=\"\" class=\"wp-image-22826\" srcset=\"https:\/\/www.elpolitologoyelpolitico.com.ar\/wp-content\/uploads\/2022\/07\/IMG-20220730-WA0052.jpg 720w, https:\/\/www.elpolitologoyelpolitico.com.ar\/wp-content\/uploads\/2022\/07\/IMG-20220730-WA0052-300x200.jpg 300w\" sizes=\"(max-width: 720px) 100vw, 720px\" \/><\/figure>\n<\/figure>\n<div class=\"fb-background-color\">\n\t\t\t  <div \n\t\t\t  \tclass = \"fb-comments\" \n\t\t\t  \tdata-href = \"https:\/\/www.elpolitologoyelpolitico.com.ar\/wordpress\/2022\/07\/31\/con-musica-y-arte-el-artista-plastico-naco-fichetti-y-la-filarmonica-de-rio-negro-colmaron-el-centro-cultural\/\"\n\t\t\t  \tdata-numposts = \"10\"\n\t\t\t  \tdata-lazy = \"true\"\n\t\t\t\tdata-colorscheme = \"light\"\n\t\t\t\tdata-order-by = \"social\"\n\t\t\t\tdata-mobile=true>\n\t\t\t  <\/div><\/div>\n\t\t  <style>\n\t\t    .fb-background-color {\n\t\t\t\tbackground: #ffffff !important;\n\t\t\t}\n\t\t\t.fb_iframe_widget_fluid_desktop iframe {\n\t\t\t    width: 100% !important;\n\t\t\t}\n\t\t  <\/style>\n\t\t  ","protected":false},"excerpt":{"rendered":"<p>La inauguraci\u00f3n de obras del artista pl\u00e1stico Naco Fichetti y el espect\u00e1culo&nbsp; infantil gratuito para infancias que brind\u00f3 la Filarm\u00f3nica de Rio Negro llenaron el Centro Cultural con m\u00fasica y arte para todas las edades. A partir de las 20, el artista pl\u00e1stico Naco Fichetti Inaugur\u00f3 su muestra en el Hall y galer\u00edas del edificio [&hellip;]<\/p>\n","protected":false},"author":4,"featured_media":22822,"comment_status":"closed","ping_status":"closed","sticky":false,"template":"","format":"standard","meta":{"_joinchat":[],"footnotes":""},"categories":[39],"tags":[],"class_list":["post-22821","post","type-post","status-publish","format-standard","has-post-thumbnail","hentry","category-en-esta-seccion"],"_links":{"self":[{"href":"https:\/\/www.elpolitologoyelpolitico.com.ar\/wordpress\/wp-json\/wp\/v2\/posts\/22821","targetHints":{"allow":["GET"]}}],"collection":[{"href":"https:\/\/www.elpolitologoyelpolitico.com.ar\/wordpress\/wp-json\/wp\/v2\/posts"}],"about":[{"href":"https:\/\/www.elpolitologoyelpolitico.com.ar\/wordpress\/wp-json\/wp\/v2\/types\/post"}],"author":[{"embeddable":true,"href":"https:\/\/www.elpolitologoyelpolitico.com.ar\/wordpress\/wp-json\/wp\/v2\/users\/4"}],"replies":[{"embeddable":true,"href":"https:\/\/www.elpolitologoyelpolitico.com.ar\/wordpress\/wp-json\/wp\/v2\/comments?post=22821"}],"version-history":[{"count":0,"href":"https:\/\/www.elpolitologoyelpolitico.com.ar\/wordpress\/wp-json\/wp\/v2\/posts\/22821\/revisions"}],"wp:featuredmedia":[{"embeddable":true,"href":"https:\/\/www.elpolitologoyelpolitico.com.ar\/wordpress\/wp-json\/wp\/v2\/media\/22822"}],"wp:attachment":[{"href":"https:\/\/www.elpolitologoyelpolitico.com.ar\/wordpress\/wp-json\/wp\/v2\/media?parent=22821"}],"wp:term":[{"taxonomy":"category","embeddable":true,"href":"https:\/\/www.elpolitologoyelpolitico.com.ar\/wordpress\/wp-json\/wp\/v2\/categories?post=22821"},{"taxonomy":"post_tag","embeddable":true,"href":"https:\/\/www.elpolitologoyelpolitico.com.ar\/wordpress\/wp-json\/wp\/v2\/tags?post=22821"}],"curies":[{"name":"wp","href":"https:\/\/api.w.org\/{rel}","templated":true}]}}