{"id":22812,"date":"2022-07-31T00:18:54","date_gmt":"2022-07-31T00:18:54","guid":{"rendered":"https:\/\/www.elpolitologoyelpolitico.com.ar\/wordpress\/?p=22812"},"modified":"2022-07-31T00:19:30","modified_gmt":"2022-07-31T00:19:30","slug":"la-provincia-realizo-la-apertura-de-sobres-para-las-viviendas-de-casi-600-familias-rionegrinas","status":"publish","type":"post","link":"https:\/\/www.elpolitologoyelpolitico.com.ar\/wordpress\/2022\/07\/31\/la-provincia-realizo-la-apertura-de-sobres-para-las-viviendas-de-casi-600-familias-rionegrinas\/","title":{"rendered":"La Provincia realiz\u00f3 la apertura de sobres para las viviendas de casi 600 familias rionegrinas"},"content":{"rendered":"\n<p>El Gobierno de R\u00edo Negro, a trav\u00e9s del Instituto de Planificaci\u00f3n y Promoci\u00f3n de la Vivienda (IPPV), realiz\u00f3 en el Complejo Cultural de Cipolletti la apertura de ofertas para la ejecuci\u00f3n de 584 viviendas en Cipolletti, Viedma y Choele Choel.<\/p>\n\n\n\n<p>Con algunas modificaciones acordadas con Naci\u00f3n, el IPPV lanz\u00f3 nuevas convocatorias y la tanda inicial se compuso de 11 licitaciones para Cipolletti (349 viviendas), tres para Viedma (195 unidades) y una para Choele Choel (40), con menores viviendas por llamado, todas en el marco del&nbsp; programa nacional Casa Propia &#8211; Construir Futuro. El plazo de ejecuci\u00f3n&nbsp; para la construcci\u00f3n de viviendas es de 365 d\u00edas y para la Infraestructura es de 240 d\u00edas.<\/p>\n\n\n\n<p>El acto fue encabezado por el vicegobernador de la provincia, Alejandro Palmieri, quien en la oportunidad coment\u00f3: \u201cAgradecemos a las empresas que se presentaron y que trabajan para llevar adelante estos planes de viviendas en un contexto tan adverso como el que estamos atravesando. Este Gobierno Provincial hace a\u00f1os que viene llevando adelante una pol\u00edtica sostenida de acceso a la tierra y la vivienda para los rionegrinos y rionegrinas\u201d.<\/p>\n\n\n\n<p>Por su parte, el ministro de Obras y Servicios P\u00fablicos, Carlos Valeri, sostuvo que \u201ceste nuevo llamando a licitaci\u00f3n se pudo realizar, ya que el gobierno provincial se har\u00e1 cargo de la infraestructura mientras que naci\u00f3n har\u00e1 lo propio con las viviendas\u201d. Adem\u00e1s, indic\u00f3 que los senadores Alberto Weretilneck y Mart\u00edn Do\u00f1ate realizaron las gestiones para \u201creimpulsar\u201d este nuevo llamado a licitaci\u00f3n.<\/p>\n\n\n\n<p>En tanto el intendente de Cipolletti, Claudio Di Tella, resalt\u00f3 que \u201choy vamos a cumplir el sue\u00f1o de 349 viviendas m\u00e1s para Cipolletti y esto es fruto del trabajo en conjunto entre el municipio, el gobierno provincial y la gente. Gracias a las Cooperativas y a las empresas que conf\u00edan\u201d.&nbsp;<\/p>\n\n\n\n<p>Para Cipolletti se presentaron un total de siete empresas: Sylpa, Mocciola, ZOPPI, Zigma, ECA, INGCO, y Nelli &amp; Fenizi. Y para Viedma se present\u00f3 la empresa Sylpa.<\/p>\n\n\n\n<p>Las licitaciones de las 10 viviendas de Viedma (Lic.N\u00b020\/22), las 62 de Cipolletti (Lic. 22\/22) y 40 de Choele Choel (Lic.23\/22) quedaron desiertas.&nbsp;<\/p>\n\n\n\n<p>En el acto estuvieron presentes, el ministro de Gobierno y Comunidad, Rodrigo Buteler, la interventora del IPPV, In\u00e9s P\u00e9rez Raventos, el Ministro de Educaci\u00f3n y Derechos Humanos, Pablo Nu\u00f1ez, la Subsecretaria de Abordaje y Gesti\u00f3n Territorial de Naci\u00f3n, Mar\u00eda Higonet, legisladores provinciales, funcionarios municipales, concejales y representantes de cooperativas y gremios.<\/p>\n\n\n\n<figure class=\"wp-block-image size-large\"><img fetchpriority=\"high\" decoding=\"async\" width=\"1024\" height=\"768\" src=\"https:\/\/www.elpolitologoyelpolitico.com.ar\/wp-content\/uploads\/2022\/07\/IMG-20220730-WA0043-1024x768.jpg\" alt=\"\" class=\"wp-image-22814\" srcset=\"https:\/\/www.elpolitologoyelpolitico.com.ar\/wp-content\/uploads\/2022\/07\/IMG-20220730-WA0043-1024x768.jpg 1024w, https:\/\/www.elpolitologoyelpolitico.com.ar\/wp-content\/uploads\/2022\/07\/IMG-20220730-WA0043-300x225.jpg 300w, https:\/\/www.elpolitologoyelpolitico.com.ar\/wp-content\/uploads\/2022\/07\/IMG-20220730-WA0043-768x576.jpg 768w, https:\/\/www.elpolitologoyelpolitico.com.ar\/wp-content\/uploads\/2022\/07\/IMG-20220730-WA0043.jpg 1280w\" sizes=\"(max-width: 1024px) 100vw, 1024px\" \/><\/figure>\n\n\n\n<p><strong>Las Ofertas<\/strong><\/p>\n\n\n\n<p>Lic. 14\/22 Cipolletti 22 viviendas<\/p>\n\n\n\n<p>Empresa Zigma S.A.<\/p>\n\n\n\n<p>Oferta:<\/p>\n\n\n\n<p>1 Vivienda $181.535.334,20<\/p>\n\n\n\n<p>2 Infraestructura $104.833.783,13<\/p>\n\n\n\n<p>Lic. 13\/22 &#8211; 25 viviendas<\/p>\n\n\n\n<p>Empresa Sylpa S.R.L<\/p>\n\n\n\n<p>Oferta:<\/p>\n\n\n\n<p>1. $206.902.214,21<\/p>\n\n\n\n<p>2. $83.223.981,10<\/p>\n\n\n\n<p>Lic. 12\/22 46 viviendas<\/p>\n\n\n\n<p>Empresa Mocciola<\/p>\n\n\n\n<p>Oferta:<\/p>\n\n\n\n<p>1- $380.513.155,71<\/p>\n\n\n\n<p>2-$157.685.873,62<\/p>\n\n\n\n<p>Lic. 11\/22 18 viviendas<\/p>\n\n\n\n<p>Empresa Sylpa<\/p>\n\n\n\n<p>Oferta:<\/p>\n\n\n\n<p>1- $148.970.026,23<\/p>\n\n\n\n<p>2- $62.688.424,35<\/p>\n\n\n\n<p>Lic.10\/22 12 viviendas<\/p>\n\n\n\n<p>Empresa Nelli y Fenizi<\/p>\n\n\n\n<p>Oferta:<\/p>\n\n\n\n<p>1- 9.081.751,45<\/p>\n\n\n\n<p>2- 44.731.181,90<\/p>\n\n\n\n<p>Lic. 9\/22 Cipolletti 35 viviendas<\/p>\n\n\n\n<p>Empresa Zoppi<\/p>\n\n\n\n<p>Oferta:<\/p>\n\n\n\n<p>1- $326.845.253,55<\/p>\n\n\n\n<p>2- $61.103.335,84<\/p>\n\n\n\n<p>Lic. 8\/22 Cipolletti 28 viviendas<\/p>\n\n\n\n<p>Empresa Zigma S.A.<\/p>\n\n\n\n<p>Oferta:<\/p>\n\n\n\n<p>1- $223.341.808,47<\/p>\n\n\n\n<p>2- $90.635.692,77<\/p>\n\n\n\n<p>Lic. 7\/22 Cipolletti 36 viviendas<\/p>\n\n\n\n<p>Empresa ECA S.A.<\/p>\n\n\n\n<p>Oferta:<\/p>\n\n\n\n<p>1- $298.443.571,20<\/p>\n\n\n\n<p>2- $88.915.000<\/p>\n\n\n\n<p>Lic.6\/22 Cipolletti 52 viviendas<\/p>\n\n\n\n<p>Empresa ECA S.A.<\/p>\n\n\n\n<p>Oferta:<\/p>\n\n\n\n<p>1- $431.085.158,41<\/p>\n\n\n\n<p>2- $159.700.000<\/p>\n\n\n\n<p>Lic. 5\/22 Cipolletti 14 viviendas<\/p>\n\n\n\n<p>Empresa INGCO<\/p>\n\n\n\n<p>Oferta:<\/p>\n\n\n\n<p>Propuesta (oferta):<\/p>\n\n\n\n<p>1- $115.830.668,20<\/p>\n\n\n\n<p>2- $86.689.269,29<\/p>\n\n\n\n<p>Segunda propuesta: ZOPPI<\/p>\n\n\n\n<p>1- $130.738.101,42<\/p>\n\n\n\n<p>2- $42.420.392,59<\/p>\n\n\n\n<p>Lic. 21 &#8211; 35 viviendas UOCRA viedma<\/p>\n\n\n\n<p>Empresa Sylpa<\/p>\n\n\n\n<p>Oferta:<\/p>\n\n\n\n<p>1- $289.643.834,54<\/p>\n\n\n\n<p>2- $156.478.462,25<\/p>\n\n\n\n<p>Lic. 19\/22 Viedma 100 viviendas<\/p>\n\n\n\n<p>Empresa Sylpa<\/p>\n\n\n\n<p>Oferta:<\/p>\n\n\n\n<p>1- $827.625.505,29<\/p>\n\n\n\n<p>2- $286.479.486,70<\/p>\n\n\n\n<p>Lic. 18\/22 Viedma 50 viviendas<\/p>\n\n\n\n<p>Empresa Sylpa<\/p>\n\n\n\n<p>Oferta:<\/p>\n\n\n\n<p>1- $413.797.004,34<\/p>\n\n\n\n<p>2- $105.107.048,05<\/p>\n\n\n\n<figure class=\"wp-block-image size-full\"><img decoding=\"async\" width=\"750\" height=\"421\" src=\"https:\/\/www.elpolitologoyelpolitico.com.ar\/wp-content\/uploads\/2022\/07\/IMG-20220730-WA0042.jpg\" alt=\"\" class=\"wp-image-22815\" srcset=\"https:\/\/www.elpolitologoyelpolitico.com.ar\/wp-content\/uploads\/2022\/07\/IMG-20220730-WA0042.jpg 750w, https:\/\/www.elpolitologoyelpolitico.com.ar\/wp-content\/uploads\/2022\/07\/IMG-20220730-WA0042-300x168.jpg 300w\" sizes=\"(max-width: 750px) 100vw, 750px\" \/><\/figure>\n<div class=\"fb-background-color\">\n\t\t\t  <div \n\t\t\t  \tclass = \"fb-comments\" \n\t\t\t  \tdata-href = \"https:\/\/www.elpolitologoyelpolitico.com.ar\/wordpress\/2022\/07\/31\/la-provincia-realizo-la-apertura-de-sobres-para-las-viviendas-de-casi-600-familias-rionegrinas\/\"\n\t\t\t  \tdata-numposts = \"10\"\n\t\t\t  \tdata-lazy = \"true\"\n\t\t\t\tdata-colorscheme = \"light\"\n\t\t\t\tdata-order-by = \"social\"\n\t\t\t\tdata-mobile=true>\n\t\t\t  <\/div><\/div>\n\t\t  <style>\n\t\t    .fb-background-color {\n\t\t\t\tbackground: #ffffff !important;\n\t\t\t}\n\t\t\t.fb_iframe_widget_fluid_desktop iframe {\n\t\t\t    width: 100% !important;\n\t\t\t}\n\t\t  <\/style>\n\t\t  ","protected":false},"excerpt":{"rendered":"<p>El Gobierno de R\u00edo Negro, a trav\u00e9s del Instituto de Planificaci\u00f3n y Promoci\u00f3n de la Vivienda (IPPV), realiz\u00f3 en el Complejo Cultural de Cipolletti la apertura de ofertas para la ejecuci\u00f3n de 584 viviendas en Cipolletti, Viedma y Choele Choel. Con algunas modificaciones acordadas con Naci\u00f3n, el IPPV lanz\u00f3 nuevas convocatorias y la tanda inicial [&hellip;]<\/p>\n","protected":false},"author":4,"featured_media":22813,"comment_status":"closed","ping_status":"closed","sticky":false,"template":"","format":"standard","meta":{"_joinchat":[],"footnotes":""},"categories":[4],"tags":[],"class_list":["post-22812","post","type-post","status-publish","format-standard","has-post-thumbnail","hentry","category-politicas-publicas"],"_links":{"self":[{"href":"https:\/\/www.elpolitologoyelpolitico.com.ar\/wordpress\/wp-json\/wp\/v2\/posts\/22812","targetHints":{"allow":["GET"]}}],"collection":[{"href":"https:\/\/www.elpolitologoyelpolitico.com.ar\/wordpress\/wp-json\/wp\/v2\/posts"}],"about":[{"href":"https:\/\/www.elpolitologoyelpolitico.com.ar\/wordpress\/wp-json\/wp\/v2\/types\/post"}],"author":[{"embeddable":true,"href":"https:\/\/www.elpolitologoyelpolitico.com.ar\/wordpress\/wp-json\/wp\/v2\/users\/4"}],"replies":[{"embeddable":true,"href":"https:\/\/www.elpolitologoyelpolitico.com.ar\/wordpress\/wp-json\/wp\/v2\/comments?post=22812"}],"version-history":[{"count":0,"href":"https:\/\/www.elpolitologoyelpolitico.com.ar\/wordpress\/wp-json\/wp\/v2\/posts\/22812\/revisions"}],"wp:featuredmedia":[{"embeddable":true,"href":"https:\/\/www.elpolitologoyelpolitico.com.ar\/wordpress\/wp-json\/wp\/v2\/media\/22813"}],"wp:attachment":[{"href":"https:\/\/www.elpolitologoyelpolitico.com.ar\/wordpress\/wp-json\/wp\/v2\/media?parent=22812"}],"wp:term":[{"taxonomy":"category","embeddable":true,"href":"https:\/\/www.elpolitologoyelpolitico.com.ar\/wordpress\/wp-json\/wp\/v2\/categories?post=22812"},{"taxonomy":"post_tag","embeddable":true,"href":"https:\/\/www.elpolitologoyelpolitico.com.ar\/wordpress\/wp-json\/wp\/v2\/tags?post=22812"}],"curies":[{"name":"wp","href":"https:\/\/api.w.org\/{rel}","templated":true}]}}