{"id":22808,"date":"2022-07-30T22:15:53","date_gmt":"2022-07-30T22:15:53","guid":{"rendered":"https:\/\/www.elpolitologoyelpolitico.com.ar\/wordpress\/?p=22808"},"modified":"2022-07-30T22:16:29","modified_gmt":"2022-07-30T22:16:29","slug":"el-gobierno-de-viedma-continua-trabajando-para-mejorar-las-condiciones-de-las-calles-tras-el-temporal","status":"publish","type":"post","link":"https:\/\/www.elpolitologoyelpolitico.com.ar\/wordpress\/2022\/07\/30\/el-gobierno-de-viedma-continua-trabajando-para-mejorar-las-condiciones-de-las-calles-tras-el-temporal\/","title":{"rendered":"El Gobierno de Viedma continua trabajando para mejorar las condiciones de las calles tras el temporal"},"content":{"rendered":"\n<p>El Gobierno de Viedma contin\u00faa con el repaso de calles de ripio, tras la sustancial mejora de las condiciones clim\u00e1ticas.&nbsp;<\/p>\n\n\n\n<p>Se estableci\u00f3 un cronograma especial par avanzar r\u00e1pidamente en la recuperaci\u00f3n de las calzadas, principalmente en los accesos a los barrios y en las v\u00edas primarias y aquellas donde circulan los colectivos.<\/p>\n\n\n\n<p>Se utilizan equipos de la Municipalidad y se avanza en las calles de Viedma como del balneario El C\u00f3ndor.<\/p>\n<div class=\"fb-background-color\">\n\t\t\t  <div \n\t\t\t  \tclass = \"fb-comments\" \n\t\t\t  \tdata-href = \"https:\/\/www.elpolitologoyelpolitico.com.ar\/wordpress\/2022\/07\/30\/el-gobierno-de-viedma-continua-trabajando-para-mejorar-las-condiciones-de-las-calles-tras-el-temporal\/\"\n\t\t\t  \tdata-numposts = \"10\"\n\t\t\t  \tdata-lazy = \"true\"\n\t\t\t\tdata-colorscheme = \"light\"\n\t\t\t\tdata-order-by = \"social\"\n\t\t\t\tdata-mobile=true>\n\t\t\t  <\/div><\/div>\n\t\t  <style>\n\t\t    .fb-background-color {\n\t\t\t\tbackground: #ffffff !important;\n\t\t\t}\n\t\t\t.fb_iframe_widget_fluid_desktop iframe {\n\t\t\t    width: 100% !important;\n\t\t\t}\n\t\t  <\/style>\n\t\t  ","protected":false},"excerpt":{"rendered":"<p>El Gobierno de Viedma contin\u00faa con el repaso de calles de ripio, tras la sustancial mejora de las condiciones clim\u00e1ticas.&nbsp; Se estableci\u00f3 un cronograma especial par avanzar r\u00e1pidamente en la recuperaci\u00f3n de las calzadas, principalmente en los accesos a los barrios y en las v\u00edas primarias y aquellas donde circulan los colectivos. Se utilizan equipos [&hellip;]<\/p>\n","protected":false},"author":4,"featured_media":22809,"comment_status":"closed","ping_status":"closed","sticky":false,"template":"","format":"standard","meta":{"_joinchat":[],"footnotes":""},"categories":[4],"tags":[],"class_list":["post-22808","post","type-post","status-publish","format-standard","has-post-thumbnail","hentry","category-politicas-publicas"],"_links":{"self":[{"href":"https:\/\/www.elpolitologoyelpolitico.com.ar\/wordpress\/wp-json\/wp\/v2\/posts\/22808","targetHints":{"allow":["GET"]}}],"collection":[{"href":"https:\/\/www.elpolitologoyelpolitico.com.ar\/wordpress\/wp-json\/wp\/v2\/posts"}],"about":[{"href":"https:\/\/www.elpolitologoyelpolitico.com.ar\/wordpress\/wp-json\/wp\/v2\/types\/post"}],"author":[{"embeddable":true,"href":"https:\/\/www.elpolitologoyelpolitico.com.ar\/wordpress\/wp-json\/wp\/v2\/users\/4"}],"replies":[{"embeddable":true,"href":"https:\/\/www.elpolitologoyelpolitico.com.ar\/wordpress\/wp-json\/wp\/v2\/comments?post=22808"}],"version-history":[{"count":0,"href":"https:\/\/www.elpolitologoyelpolitico.com.ar\/wordpress\/wp-json\/wp\/v2\/posts\/22808\/revisions"}],"wp:featuredmedia":[{"embeddable":true,"href":"https:\/\/www.elpolitologoyelpolitico.com.ar\/wordpress\/wp-json\/wp\/v2\/media\/22809"}],"wp:attachment":[{"href":"https:\/\/www.elpolitologoyelpolitico.com.ar\/wordpress\/wp-json\/wp\/v2\/media?parent=22808"}],"wp:term":[{"taxonomy":"category","embeddable":true,"href":"https:\/\/www.elpolitologoyelpolitico.com.ar\/wordpress\/wp-json\/wp\/v2\/categories?post=22808"},{"taxonomy":"post_tag","embeddable":true,"href":"https:\/\/www.elpolitologoyelpolitico.com.ar\/wordpress\/wp-json\/wp\/v2\/tags?post=22808"}],"curies":[{"name":"wp","href":"https:\/\/api.w.org\/{rel}","templated":true}]}}