{"id":22801,"date":"2022-07-30T18:47:14","date_gmt":"2022-07-30T18:47:14","guid":{"rendered":"https:\/\/www.elpolitologoyelpolitico.com.ar\/wordpress\/?p=22801"},"modified":"2022-07-30T18:48:01","modified_gmt":"2022-07-30T18:48:01","slug":"patagones-jornadas-de-concientizacion-y-prevencion-de-la-hipertension","status":"publish","type":"post","link":"https:\/\/www.elpolitologoyelpolitico.com.ar\/wordpress\/2022\/07\/30\/patagones-jornadas-de-concientizacion-y-prevencion-de-la-hipertension\/","title":{"rendered":"Patagones: jornadas de concientizaci\u00f3n y prevenci\u00f3n de la hipertensi\u00f3n"},"content":{"rendered":"\n<p>En el marco del programa provincial de Hipertensi\u00f3n Arterial, personal de Salud realizar\u00e1 jornadas especiales durante las pr\u00f3ximas dos semanas.&nbsp;<\/p>\n\n\n\n<p>Al respecto, la Coordinadora de Programas Sanitarios, Lic. Mabel Guzm\u00e1n, precis\u00f3 que se realizar\u00e1n controles para concientizar a la comunidad y brindar herramientas de cuidados y estrategias de detecci\u00f3n precoz de la hipertensi\u00f3n arterial\u00bb.&nbsp;<\/p>\n\n\n\n<p>Se brindar\u00e1 detallada informaci\u00f3n y controles de presi\u00f3n arterial tanto a los empleados municipales de las distintas \u00e1reas, como as\u00ed tambi\u00e9n en las sucursales del supermercado Unicoop, a los vecinos que lo requieran.<\/p>\n\n\n\n<p>Las jornadas se realizar\u00e1n entre el 1 y el 12 de agosto.&nbsp;<\/p>\n\n\n\n<p>El servicio ser\u00e1 totalmente gratuito y se prestar\u00e1 de 09.30a 12.30 y de 16.30 a 19.30 horas.<\/p>\n\n\n\n<figure class=\"wp-block-gallery has-nested-images columns-default is-cropped wp-block-gallery-1 is-layout-flex wp-block-gallery-is-layout-flex\">\n<figure class=\"wp-block-image size-large\"><img fetchpriority=\"high\" decoding=\"async\" width=\"485\" height=\"1024\" data-id=\"22803\" src=\"https:\/\/www.elpolitologoyelpolitico.com.ar\/wp-content\/uploads\/2022\/07\/IMG-20220730-WA0039-485x1024.jpg\" alt=\"\" class=\"wp-image-22803\" srcset=\"https:\/\/www.elpolitologoyelpolitico.com.ar\/wp-content\/uploads\/2022\/07\/IMG-20220730-WA0039-485x1024.jpg 485w, https:\/\/www.elpolitologoyelpolitico.com.ar\/wp-content\/uploads\/2022\/07\/IMG-20220730-WA0039-142x300.jpg 142w, https:\/\/www.elpolitologoyelpolitico.com.ar\/wp-content\/uploads\/2022\/07\/IMG-20220730-WA0039.jpg 606w\" sizes=\"(max-width: 485px) 100vw, 485px\" \/><\/figure>\n\n\n\n<figure class=\"wp-block-image size-large\"><img decoding=\"async\" width=\"720\" height=\"346\" data-id=\"22804\" src=\"https:\/\/www.elpolitologoyelpolitico.com.ar\/wp-content\/uploads\/2022\/07\/IMG-20220730-WA0040.jpg\" alt=\"\" class=\"wp-image-22804\" srcset=\"https:\/\/www.elpolitologoyelpolitico.com.ar\/wp-content\/uploads\/2022\/07\/IMG-20220730-WA0040.jpg 720w, https:\/\/www.elpolitologoyelpolitico.com.ar\/wp-content\/uploads\/2022\/07\/IMG-20220730-WA0040-300x144.jpg 300w\" sizes=\"(max-width: 720px) 100vw, 720px\" \/><\/figure>\n\n\n\n<figure class=\"wp-block-image size-full\"><img decoding=\"async\" width=\"720\" height=\"346\" data-id=\"22805\" src=\"https:\/\/www.elpolitologoyelpolitico.com.ar\/wp-content\/uploads\/2022\/07\/IMG-20220730-WA0040-1.jpg\" alt=\"\" class=\"wp-image-22805\" srcset=\"https:\/\/www.elpolitologoyelpolitico.com.ar\/wp-content\/uploads\/2022\/07\/IMG-20220730-WA0040-1.jpg 720w, https:\/\/www.elpolitologoyelpolitico.com.ar\/wp-content\/uploads\/2022\/07\/IMG-20220730-WA0040-1-300x144.jpg 300w\" sizes=\"(max-width: 720px) 100vw, 720px\" \/><\/figure>\n<\/figure>\n<div class=\"fb-background-color\">\n\t\t\t  <div \n\t\t\t  \tclass = \"fb-comments\" \n\t\t\t  \tdata-href = \"https:\/\/www.elpolitologoyelpolitico.com.ar\/wordpress\/2022\/07\/30\/patagones-jornadas-de-concientizacion-y-prevencion-de-la-hipertension\/\"\n\t\t\t  \tdata-numposts = \"10\"\n\t\t\t  \tdata-lazy = \"true\"\n\t\t\t\tdata-colorscheme = \"light\"\n\t\t\t\tdata-order-by = \"social\"\n\t\t\t\tdata-mobile=true>\n\t\t\t  <\/div><\/div>\n\t\t  <style>\n\t\t    .fb-background-color {\n\t\t\t\tbackground: #ffffff !important;\n\t\t\t}\n\t\t\t.fb_iframe_widget_fluid_desktop iframe {\n\t\t\t    width: 100% !important;\n\t\t\t}\n\t\t  <\/style>\n\t\t  ","protected":false},"excerpt":{"rendered":"<p>En el marco del programa provincial de Hipertensi\u00f3n Arterial, personal de Salud realizar\u00e1 jornadas especiales durante las pr\u00f3ximas dos semanas.&nbsp; Al respecto, la Coordinadora de Programas Sanitarios, Lic. Mabel Guzm\u00e1n, precis\u00f3 que se realizar\u00e1n controles para concientizar a la comunidad y brindar herramientas de cuidados y estrategias de detecci\u00f3n precoz de la hipertensi\u00f3n arterial\u00bb.&nbsp; Se [&hellip;]<\/p>\n","protected":false},"author":4,"featured_media":22802,"comment_status":"closed","ping_status":"closed","sticky":false,"template":"","format":"standard","meta":{"_joinchat":[],"footnotes":""},"categories":[4],"tags":[],"class_list":["post-22801","post","type-post","status-publish","format-standard","has-post-thumbnail","hentry","category-politicas-publicas"],"_links":{"self":[{"href":"https:\/\/www.elpolitologoyelpolitico.com.ar\/wordpress\/wp-json\/wp\/v2\/posts\/22801","targetHints":{"allow":["GET"]}}],"collection":[{"href":"https:\/\/www.elpolitologoyelpolitico.com.ar\/wordpress\/wp-json\/wp\/v2\/posts"}],"about":[{"href":"https:\/\/www.elpolitologoyelpolitico.com.ar\/wordpress\/wp-json\/wp\/v2\/types\/post"}],"author":[{"embeddable":true,"href":"https:\/\/www.elpolitologoyelpolitico.com.ar\/wordpress\/wp-json\/wp\/v2\/users\/4"}],"replies":[{"embeddable":true,"href":"https:\/\/www.elpolitologoyelpolitico.com.ar\/wordpress\/wp-json\/wp\/v2\/comments?post=22801"}],"version-history":[{"count":0,"href":"https:\/\/www.elpolitologoyelpolitico.com.ar\/wordpress\/wp-json\/wp\/v2\/posts\/22801\/revisions"}],"wp:featuredmedia":[{"embeddable":true,"href":"https:\/\/www.elpolitologoyelpolitico.com.ar\/wordpress\/wp-json\/wp\/v2\/media\/22802"}],"wp:attachment":[{"href":"https:\/\/www.elpolitologoyelpolitico.com.ar\/wordpress\/wp-json\/wp\/v2\/media?parent=22801"}],"wp:term":[{"taxonomy":"category","embeddable":true,"href":"https:\/\/www.elpolitologoyelpolitico.com.ar\/wordpress\/wp-json\/wp\/v2\/categories?post=22801"},{"taxonomy":"post_tag","embeddable":true,"href":"https:\/\/www.elpolitologoyelpolitico.com.ar\/wordpress\/wp-json\/wp\/v2\/tags?post=22801"}],"curies":[{"name":"wp","href":"https:\/\/api.w.org\/{rel}","templated":true}]}}