{"id":22797,"date":"2022-07-30T02:57:30","date_gmt":"2022-07-30T02:57:30","guid":{"rendered":"https:\/\/www.elpolitologoyelpolitico.com.ar\/wordpress\/?p=22797"},"modified":"2022-07-30T02:57:58","modified_gmt":"2022-07-30T02:57:58","slug":"comienza-la-etapa-clasificatoria-local-de-los-juegos-nacionales-evita-2022","status":"publish","type":"post","link":"https:\/\/www.elpolitologoyelpolitico.com.ar\/wordpress\/2022\/07\/30\/comienza-la-etapa-clasificatoria-local-de-los-juegos-nacionales-evita-2022\/","title":{"rendered":"Comienza la etapa clasificatoria local de los Juegos Nacionales Evita 2022"},"content":{"rendered":"\n<p>Ma\u00f1ana, s\u00e1bado 30 de julio desde las 10, el gobierno de Viedma junto a la Liga Atl\u00e1ntica Sur llevar\u00e1n adelante la instancia clasificatoria local de f\u00fatbol para los Juegos Nacionales Evita 2022.<\/p>\n\n\n\n<p>Esta etapa clasificatoria estar\u00e1 dirigida a las categor\u00edas f\u00fatbol 11 masculino Sub 14 (2008, 2009, 2010) f\u00fatbol 11 masculino Sub 16 (2006, 2007) y f\u00fatbol mixto Sub 14 (2009, 2010)<\/p>\n\n\n\n<p>La competencia se llevar\u00e1 a cabo en las canchas lindantes al gimnasio municipal Polideportivo Cayetano Arias con la participaci\u00f3n de 17 equipos, incluyendo escuelas, clubes, asociaciones, ligas y diferentes instituciones.<\/p>\n\n\n\n<p>Esta instancia contar\u00e1 con el acompa\u00f1amiento del gobierno de Viedma y comenzar\u00e1 a desarrollarse el 30 de julio y finalizar\u00e1n el 6 de agosto.<\/p>\n\n\n\n<p>Los Juegos Nacionales Evita son la principal competencia deportiva de Argentina y son organizados en todo el pa\u00eds por la Secretar\u00eda de Deportes del Ministerio de Turismo y Deportes de la Naci\u00f3n.<\/p>\n\n\n\n<p>Este programa deportivo re\u00fane 63 disciplinas y un sistema de competencias compuesto por dos etapas: un proceso clasificatorio en cada provincia en el que participan alrededor de 1 mill\u00f3n de ni\u00f1os, ni\u00f1as, j\u00f3venes y personas mayores de cada rinc\u00f3n del pa\u00eds y una fase final, dividida en cinco grandes eventos, a la que acceden 25 mil competidores.<\/p>\n<div class=\"fb-background-color\">\n\t\t\t  <div \n\t\t\t  \tclass = \"fb-comments\" \n\t\t\t  \tdata-href = \"https:\/\/www.elpolitologoyelpolitico.com.ar\/wordpress\/2022\/07\/30\/comienza-la-etapa-clasificatoria-local-de-los-juegos-nacionales-evita-2022\/\"\n\t\t\t  \tdata-numposts = \"10\"\n\t\t\t  \tdata-lazy = \"true\"\n\t\t\t\tdata-colorscheme = \"light\"\n\t\t\t\tdata-order-by = \"social\"\n\t\t\t\tdata-mobile=true>\n\t\t\t  <\/div><\/div>\n\t\t  <style>\n\t\t    .fb-background-color {\n\t\t\t\tbackground: #ffffff !important;\n\t\t\t}\n\t\t\t.fb_iframe_widget_fluid_desktop iframe {\n\t\t\t    width: 100% !important;\n\t\t\t}\n\t\t  <\/style>\n\t\t  ","protected":false},"excerpt":{"rendered":"<p>Ma\u00f1ana, s\u00e1bado 30 de julio desde las 10, el gobierno de Viedma junto a la Liga Atl\u00e1ntica Sur llevar\u00e1n adelante la instancia clasificatoria local de f\u00fatbol para los Juegos Nacionales Evita 2022. Esta etapa clasificatoria estar\u00e1 dirigida a las categor\u00edas f\u00fatbol 11 masculino Sub 14 (2008, 2009, 2010) f\u00fatbol 11 masculino Sub 16 (2006, 2007) [&hellip;]<\/p>\n","protected":false},"author":4,"featured_media":22798,"comment_status":"closed","ping_status":"closed","sticky":false,"template":"","format":"standard","meta":{"_joinchat":[],"footnotes":""},"categories":[39],"tags":[],"class_list":["post-22797","post","type-post","status-publish","format-standard","has-post-thumbnail","hentry","category-en-esta-seccion"],"_links":{"self":[{"href":"https:\/\/www.elpolitologoyelpolitico.com.ar\/wordpress\/wp-json\/wp\/v2\/posts\/22797","targetHints":{"allow":["GET"]}}],"collection":[{"href":"https:\/\/www.elpolitologoyelpolitico.com.ar\/wordpress\/wp-json\/wp\/v2\/posts"}],"about":[{"href":"https:\/\/www.elpolitologoyelpolitico.com.ar\/wordpress\/wp-json\/wp\/v2\/types\/post"}],"author":[{"embeddable":true,"href":"https:\/\/www.elpolitologoyelpolitico.com.ar\/wordpress\/wp-json\/wp\/v2\/users\/4"}],"replies":[{"embeddable":true,"href":"https:\/\/www.elpolitologoyelpolitico.com.ar\/wordpress\/wp-json\/wp\/v2\/comments?post=22797"}],"version-history":[{"count":0,"href":"https:\/\/www.elpolitologoyelpolitico.com.ar\/wordpress\/wp-json\/wp\/v2\/posts\/22797\/revisions"}],"wp:featuredmedia":[{"embeddable":true,"href":"https:\/\/www.elpolitologoyelpolitico.com.ar\/wordpress\/wp-json\/wp\/v2\/media\/22798"}],"wp:attachment":[{"href":"https:\/\/www.elpolitologoyelpolitico.com.ar\/wordpress\/wp-json\/wp\/v2\/media?parent=22797"}],"wp:term":[{"taxonomy":"category","embeddable":true,"href":"https:\/\/www.elpolitologoyelpolitico.com.ar\/wordpress\/wp-json\/wp\/v2\/categories?post=22797"},{"taxonomy":"post_tag","embeddable":true,"href":"https:\/\/www.elpolitologoyelpolitico.com.ar\/wordpress\/wp-json\/wp\/v2\/tags?post=22797"}],"curies":[{"name":"wp","href":"https:\/\/api.w.org\/{rel}","templated":true}]}}