{"id":22787,"date":"2022-07-30T02:36:07","date_gmt":"2022-07-30T02:36:07","guid":{"rendered":"https:\/\/www.elpolitologoyelpolitico.com.ar\/wordpress\/?p=22787"},"modified":"2022-07-30T02:36:33","modified_gmt":"2022-07-30T02:36:33","slug":"nuevo-operativo-de-limpieza-en-el-barrio-villa-rita","status":"publish","type":"post","link":"https:\/\/www.elpolitologoyelpolitico.com.ar\/wordpress\/2022\/07\/30\/nuevo-operativo-de-limpieza-en-el-barrio-villa-rita\/","title":{"rendered":"Nuevo operativo de limpieza en el barrio Villa Rita"},"content":{"rendered":"\n<p>La Subsecretar\u00eda de Servicios P\u00fablicos, informa a la comunidad que se llevar\u00e1 a cabo, un nuevo operativo de limpieza en el barrio Villa Rita.<\/p>\n\n\n\n<p>El mismo iniciar\u00e1 el pr\u00f3ximo 1\u00ba de agosto y se extender\u00e1 hasta el d\u00eda sabado 20.<\/p>\n\n\n\n<p>Se recomienda a los vecinos depositar en la vereda los residuos voluminosos (no domiciliarios), a fin que sean retirados por los operarios del \u00e1rea.<\/p>\n<div class=\"fb-background-color\">\n\t\t\t  <div \n\t\t\t  \tclass = \"fb-comments\" \n\t\t\t  \tdata-href = \"https:\/\/www.elpolitologoyelpolitico.com.ar\/wordpress\/2022\/07\/30\/nuevo-operativo-de-limpieza-en-el-barrio-villa-rita\/\"\n\t\t\t  \tdata-numposts = \"10\"\n\t\t\t  \tdata-lazy = \"true\"\n\t\t\t\tdata-colorscheme = \"light\"\n\t\t\t\tdata-order-by = \"social\"\n\t\t\t\tdata-mobile=true>\n\t\t\t  <\/div><\/div>\n\t\t  <style>\n\t\t    .fb-background-color {\n\t\t\t\tbackground: #ffffff !important;\n\t\t\t}\n\t\t\t.fb_iframe_widget_fluid_desktop iframe {\n\t\t\t    width: 100% !important;\n\t\t\t}\n\t\t  <\/style>\n\t\t  ","protected":false},"excerpt":{"rendered":"<p>La Subsecretar\u00eda de Servicios P\u00fablicos, informa a la comunidad que se llevar\u00e1 a cabo, un nuevo operativo de limpieza en el barrio Villa Rita. El mismo iniciar\u00e1 el pr\u00f3ximo 1\u00ba de agosto y se extender\u00e1 hasta el d\u00eda sabado 20. Se recomienda a los vecinos depositar en la vereda los residuos voluminosos (no domiciliarios), a [&hellip;]<\/p>\n","protected":false},"author":4,"featured_media":22788,"comment_status":"closed","ping_status":"closed","sticky":false,"template":"","format":"standard","meta":{"_joinchat":[],"footnotes":""},"categories":[4],"tags":[],"class_list":["post-22787","post","type-post","status-publish","format-standard","has-post-thumbnail","hentry","category-politicas-publicas"],"_links":{"self":[{"href":"https:\/\/www.elpolitologoyelpolitico.com.ar\/wordpress\/wp-json\/wp\/v2\/posts\/22787","targetHints":{"allow":["GET"]}}],"collection":[{"href":"https:\/\/www.elpolitologoyelpolitico.com.ar\/wordpress\/wp-json\/wp\/v2\/posts"}],"about":[{"href":"https:\/\/www.elpolitologoyelpolitico.com.ar\/wordpress\/wp-json\/wp\/v2\/types\/post"}],"author":[{"embeddable":true,"href":"https:\/\/www.elpolitologoyelpolitico.com.ar\/wordpress\/wp-json\/wp\/v2\/users\/4"}],"replies":[{"embeddable":true,"href":"https:\/\/www.elpolitologoyelpolitico.com.ar\/wordpress\/wp-json\/wp\/v2\/comments?post=22787"}],"version-history":[{"count":0,"href":"https:\/\/www.elpolitologoyelpolitico.com.ar\/wordpress\/wp-json\/wp\/v2\/posts\/22787\/revisions"}],"wp:featuredmedia":[{"embeddable":true,"href":"https:\/\/www.elpolitologoyelpolitico.com.ar\/wordpress\/wp-json\/wp\/v2\/media\/22788"}],"wp:attachment":[{"href":"https:\/\/www.elpolitologoyelpolitico.com.ar\/wordpress\/wp-json\/wp\/v2\/media?parent=22787"}],"wp:term":[{"taxonomy":"category","embeddable":true,"href":"https:\/\/www.elpolitologoyelpolitico.com.ar\/wordpress\/wp-json\/wp\/v2\/categories?post=22787"},{"taxonomy":"post_tag","embeddable":true,"href":"https:\/\/www.elpolitologoyelpolitico.com.ar\/wordpress\/wp-json\/wp\/v2\/tags?post=22787"}],"curies":[{"name":"wp","href":"https:\/\/api.w.org\/{rel}","templated":true}]}}