{"id":2278,"date":"2021-04-27T16:26:09","date_gmt":"2021-04-27T16:26:09","guid":{"rendered":"https:\/\/www.elpolitologoyelpolitico.com.ar\/wordpress\/?p=2278"},"modified":"2021-04-27T16:28:26","modified_gmt":"2021-04-27T16:28:26","slug":"se-esta-evaluando-la-fecha-de-inicio-del-campeonato-en-patagones","status":"publish","type":"post","link":"https:\/\/www.elpolitologoyelpolitico.com.ar\/wordpress\/2021\/04\/27\/se-esta-evaluando-la-fecha-de-inicio-del-campeonato-en-patagones\/","title":{"rendered":"\u201cSe est\u00e1 evaluando la fecha de inicio del campeonato en Patagones\u201d"},"content":{"rendered":"\t\t<div data-elementor-type=\"wp-post\" data-elementor-id=\"2278\" class=\"elementor elementor-2278\">\n\t\t\t\t\t\t<section class=\"elementor-section elementor-top-section elementor-element elementor-element-2f34bdac elementor-section-boxed elementor-section-height-default elementor-section-height-default\" data-id=\"2f34bdac\" data-element_type=\"section\" data-e-type=\"section\">\n\t\t\t\t\t\t<div class=\"elementor-container elementor-column-gap-default\">\n\t\t\t\t\t<div class=\"elementor-column elementor-col-100 elementor-top-column elementor-element elementor-element-621a2ba0\" data-id=\"621a2ba0\" data-element_type=\"column\" data-e-type=\"column\">\n\t\t\t<div class=\"elementor-widget-wrap elementor-element-populated\">\n\t\t\t\t\t\t<div class=\"elementor-element elementor-element-6e993244 elementor-widget elementor-widget-text-editor\" data-id=\"6e993244\" data-element_type=\"widget\" data-e-type=\"widget\" data-widget_type=\"text-editor.default\">\n\t\t\t\t<div class=\"elementor-widget-container\">\n\t\t\t\t\t\t\t\t\t\n<p><img decoding=\"async\" width=\"150\" height=\"187\" class=\"wp-image-2280 alignleft\" style=\"width: 150px;\" src=\"http:\/\/www.elpolitologoyelpolitico.com.ar:8081\/wordpress\/wp-content\/uploads\/2021\/04\/WhatsApp-Image-2021-04-27-at-12.00.30-PM-e1619540755524.jpeg\" alt=\"\" srcset=\"https:\/\/www.elpolitologoyelpolitico.com.ar\/wp-content\/uploads\/2021\/04\/WhatsApp-Image-2021-04-27-at-12.00.30-PM-e1619540755524.jpeg 720w, https:\/\/www.elpolitologoyelpolitico.com.ar\/wp-content\/uploads\/2021\/04\/WhatsApp-Image-2021-04-27-at-12.00.30-PM-e1619540755524-241x300.jpeg 241w\" sizes=\"(max-width: 150px) 100vw, 150px\" \/>Cristina L\u00f3pez es la\u00a0 actual presidenta de la liga barrial en Patagones. Se desempe\u00f1\u00f3 como secretaria durante seis a\u00f1os en el club Villa del Carmen, luego comenz\u00f3 a trabajar en la liga como representante hasta desempe\u00f1ar hoy su actual cargo.<\/p>\n\n<p>\u201cTengo muchas expectativas, primero quiero organizar la liga en lo administrativo, queremos integrarnos en distintas instituciones y poder regularizar todas las situaciones\u201d sostuvo Cristina<\/p>\n\n<p>Con respecto al inicio del campeonato manifest\u00f3 que se est\u00e1 evaluando la posibilidad de volver sin dejar de lado la cuesti\u00f3n sanitaria, a\u00fan no hay una fecha estimada para comenzar. Actualmente, son diecinueve los clubes que participar\u00e1n del campeonato.<\/p>\n\n<p>\u201cEs tradicional que la gente valla a ver a sus clubes, entonces es necesario remarcar el cuidado, eso le pedimos a cada presidente de su instituci\u00f3n que tambi\u00e9n lo haga con su equipo\u201d<\/p>\n\n<p>Adem\u00e1s agrego \u201cNos hemos reunido con Paredes para poder resolver la cuesti\u00f3n del arbitraje, los clubes necesitan de una ayuda ya que el a\u00f1o pasado con la pandemia se les complico mucho\u201d<\/p>\n\n<p>\u00a0<\/p>\n\t\t\t\t\t\t\t\t<\/div>\n\t\t\t\t<\/div>\n\t\t\t\t\t<\/div>\n\t\t<\/div>\n\t\t\t\t\t<\/div>\n\t\t<\/section>\n\t\t\t\t<\/div>\n\t\t<div class=\"fb-background-color\">\n\t\t\t  <div \n\t\t\t  \tclass = \"fb-comments\" \n\t\t\t  \tdata-href = \"https:\/\/www.elpolitologoyelpolitico.com.ar\/wordpress\/2021\/04\/27\/se-esta-evaluando-la-fecha-de-inicio-del-campeonato-en-patagones\/\"\n\t\t\t  \tdata-numposts = \"10\"\n\t\t\t  \tdata-lazy = \"true\"\n\t\t\t\tdata-colorscheme = \"light\"\n\t\t\t\tdata-order-by = \"social\"\n\t\t\t\tdata-mobile=true>\n\t\t\t  <\/div><\/div>\n\t\t  <style>\n\t\t    .fb-background-color {\n\t\t\t\tbackground: #ffffff !important;\n\t\t\t}\n\t\t\t.fb_iframe_widget_fluid_desktop iframe {\n\t\t\t    width: 100% !important;\n\t\t\t}\n\t\t  <\/style>\n\t\t  ","protected":false},"excerpt":{"rendered":"<p>Cristina L\u00f3pez es la\u00a0 actual presidenta de la liga barrial en Patagones. Se desempe\u00f1\u00f3 como secretaria durante seis a\u00f1os en el club Villa del Carmen, luego comenz\u00f3 a trabajar en la liga como representante hasta desempe\u00f1ar hoy su actual cargo. \u201cTengo muchas expectativas, primero quiero organizar la liga en lo administrativo, queremos integrarnos en distintas [&hellip;]<\/p>\n","protected":false},"author":4,"featured_media":2279,"comment_status":"closed","ping_status":"closed","sticky":false,"template":"","format":"standard","meta":{"_joinchat":[],"footnotes":""},"categories":[18],"tags":[],"class_list":["post-2278","post","type-post","status-publish","format-standard","has-post-thumbnail","hentry","category-fundaciones-asociaciones"],"_links":{"self":[{"href":"https:\/\/www.elpolitologoyelpolitico.com.ar\/wordpress\/wp-json\/wp\/v2\/posts\/2278","targetHints":{"allow":["GET"]}}],"collection":[{"href":"https:\/\/www.elpolitologoyelpolitico.com.ar\/wordpress\/wp-json\/wp\/v2\/posts"}],"about":[{"href":"https:\/\/www.elpolitologoyelpolitico.com.ar\/wordpress\/wp-json\/wp\/v2\/types\/post"}],"author":[{"embeddable":true,"href":"https:\/\/www.elpolitologoyelpolitico.com.ar\/wordpress\/wp-json\/wp\/v2\/users\/4"}],"replies":[{"embeddable":true,"href":"https:\/\/www.elpolitologoyelpolitico.com.ar\/wordpress\/wp-json\/wp\/v2\/comments?post=2278"}],"version-history":[{"count":0,"href":"https:\/\/www.elpolitologoyelpolitico.com.ar\/wordpress\/wp-json\/wp\/v2\/posts\/2278\/revisions"}],"wp:featuredmedia":[{"embeddable":true,"href":"https:\/\/www.elpolitologoyelpolitico.com.ar\/wordpress\/wp-json\/wp\/v2\/media\/2279"}],"wp:attachment":[{"href":"https:\/\/www.elpolitologoyelpolitico.com.ar\/wordpress\/wp-json\/wp\/v2\/media?parent=2278"}],"wp:term":[{"taxonomy":"category","embeddable":true,"href":"https:\/\/www.elpolitologoyelpolitico.com.ar\/wordpress\/wp-json\/wp\/v2\/categories?post=2278"},{"taxonomy":"post_tag","embeddable":true,"href":"https:\/\/www.elpolitologoyelpolitico.com.ar\/wordpress\/wp-json\/wp\/v2\/tags?post=2278"}],"curies":[{"name":"wp","href":"https:\/\/api.w.org\/{rel}","templated":true}]}}