{"id":22773,"date":"2022-07-30T01:43:54","date_gmt":"2022-07-30T01:43:54","guid":{"rendered":"https:\/\/www.elpolitologoyelpolitico.com.ar\/wordpress\/?p=22773"},"modified":"2022-07-30T01:44:43","modified_gmt":"2022-07-30T01:44:43","slug":"mas-de-400-viedmenses-recibieron-sus-certificados-de-finalizacion-de-talleres","status":"publish","type":"post","link":"https:\/\/www.elpolitologoyelpolitico.com.ar\/wordpress\/2022\/07\/30\/mas-de-400-viedmenses-recibieron-sus-certificados-de-finalizacion-de-talleres\/","title":{"rendered":"M\u00e1s de 400 viedmenses recibieron sus certificados de finalizaci\u00f3n de talleres"},"content":{"rendered":"\n<p>M\u00e1s de 400 viedmenses recibieron sus certificados de finalizaci\u00f3n de talleres, en el marco de las capacitaciones de formaci\u00f3n que lleva adelante el gobierno de Viedma a trav\u00e9s de la secretar\u00eda de Desarrollo e Integraci\u00f3n Social.<\/p>\n\n\n\n<p>Se trata de los programas \u201cManos que Trabajan\u201d, \u201cPunto Digital\u201d e \u201cIntegrarte\u201d, que forman parte de los ejes centrales de las pol\u00edticas p\u00fablicas municipales, y que tienen como objetivo lograr un desarrollo econ\u00f3mico y social m\u00e1s democr\u00e1tico y participativo de los y las vecinas, a partir de espacios de formaci\u00f3n y de aprendizaje.<\/p>\n\n\n\n<p>Durante estos meses, participaron de las capacitaciones laborales que se desarrollaron en espacios municipales y juntas vecinales de los diferentes barrios de Viedma.<\/p>\n\n\n\n<p>El acto de entrega de certificados estuvo encabezado por el intendente Pedro Pesatti, quien&nbsp; expres\u00f3: \u00abHoy m\u00e1s de 400 viedmeses reciben un certificado que representa las ganas, el deseo y la vocaci\u00f3n de seguir abriendo caminos en su propia vida\u00bb.<\/p>\n\n\n\n<p>\u00abLa demanda e inter\u00e9s por adquirir conocimientos hace que, como gobierno de Viedma, analicemos la posibilidad de crear la Escuela de Capacitaci\u00f3n Municipal en Oficios, conocimientos y saberes, ya que es un reflejo de lo que nuestra comunidad pretende: espacios de formaci\u00f3n que permitan posibilidades de trabajo y crecimiento\u00bb, manifest\u00f3 Pesatti.<\/p>\n\n\n\n<p>A su vez, el titular del \u00e1rea social municipal Mario S\u00e1nchez se\u00f1al\u00f3 que \u00abes un orgullo y muy satisfactorio que tantas vecinas y vecinos se sumen y participen de estos espacios de formaci\u00f3n que ofrecemos desde el municipio de forma gratuita\u00bb.<\/p>\n\n\n\n<p>\u00abNuestro objetivo es continuar con procesos de integraci\u00f3n a partir de herramientas formativas que son de suma importancia para Viedma\u00a0 ya que permite el desarrollo individual de las personas pero tambi\u00e9n de nuestra comunidad\u00bb indic\u00f3\u00a0 S\u00e1nchez.<\/p>\n\n\n\n<figure class=\"wp-block-image size-full is-resized\"><img fetchpriority=\"high\" decoding=\"async\" src=\"https:\/\/www.elpolitologoyelpolitico.com.ar\/wp-content\/uploads\/2022\/07\/IMG-20220729-WA0025.jpg\" alt=\"\" class=\"wp-image-22775\" width=\"1004\" height=\"669\" srcset=\"https:\/\/www.elpolitologoyelpolitico.com.ar\/wp-content\/uploads\/2022\/07\/IMG-20220729-WA0025.jpg 720w, https:\/\/www.elpolitologoyelpolitico.com.ar\/wp-content\/uploads\/2022\/07\/IMG-20220729-WA0025-300x200.jpg 300w\" sizes=\"(max-width: 1004px) 100vw, 1004px\" \/><\/figure>\n\n\n\n<p><strong>Manos que Trabajan<\/strong><\/p>\n\n\n\n<p>En esta&nbsp; primera parte del a\u00f1o se llevaron adelante 20 talleres de oficio como Construcci\u00f3n en Seco, Panader\u00eda, Peluquer\u00eda, Electricidad Domiciliaria, Corte y Confecci\u00f3n, Plomer\u00eda, entre otros.<\/p>\n\n\n\n<p>Estas y otras propuestas pertenecen al programa \u201cManos que Trabajan\u201d que busca generar iniciativas que permitan fomentar la inserci\u00f3n laboral, aumentar las condiciones de empleabilidad y animar a los j\u00f3venes- adultos a generar iniciativas que permitan solucionar el d\u00e9ficit econ\u00f3mico del hogar, a trav\u00e9s de la implementaci\u00f3n de talleres de capacitaci\u00f3n en oficios para j\u00f3venes a partir de los 18 a\u00f1os y adultos sin l\u00edmite de edad.<\/p>\n\n\n\n<p><strong>Punto Digital<\/strong><\/p>\n\n\n\n<p>Este espacio funciona como un complemento al programa \u201cManos que Trabajan\u201d, que permite planificar y brindar acciones formativas acorde a las necesidades de las y los vecinos que participan, mejorando las competencias tecnol\u00f3gicas para facilitar as\u00ed, el acceso al mundo laboral como as\u00ed tambi\u00e9n proporcionar las herramientas adecuadas para la b\u00fasqueda de empleo y achicar la brecha digital.<\/p>\n\n\n\n<p><strong>Integrarte<\/strong><\/p>\n\n\n\n<p>Es un mecanismo de acci\u00f3n que permite trabajar la integraci\u00f3n, en este caso a trav\u00e9s del ajedrez, en diferentes sectores sociales de la comunidad.<\/p>\n\n\n\n<figure class=\"wp-block-image size-full\"><img decoding=\"async\" width=\"720\" height=\"480\" src=\"https:\/\/www.elpolitologoyelpolitico.com.ar\/wp-content\/uploads\/2022\/07\/IMG-20220729-WA0024.jpg\" alt=\"\" class=\"wp-image-22776\" srcset=\"https:\/\/www.elpolitologoyelpolitico.com.ar\/wp-content\/uploads\/2022\/07\/IMG-20220729-WA0024.jpg 720w, https:\/\/www.elpolitologoyelpolitico.com.ar\/wp-content\/uploads\/2022\/07\/IMG-20220729-WA0024-300x200.jpg 300w\" sizes=\"(max-width: 720px) 100vw, 720px\" \/><\/figure>\n<div class=\"fb-background-color\">\n\t\t\t  <div \n\t\t\t  \tclass = \"fb-comments\" \n\t\t\t  \tdata-href = \"https:\/\/www.elpolitologoyelpolitico.com.ar\/wordpress\/2022\/07\/30\/mas-de-400-viedmenses-recibieron-sus-certificados-de-finalizacion-de-talleres\/\"\n\t\t\t  \tdata-numposts = \"10\"\n\t\t\t  \tdata-lazy = \"true\"\n\t\t\t\tdata-colorscheme = \"light\"\n\t\t\t\tdata-order-by = \"social\"\n\t\t\t\tdata-mobile=true>\n\t\t\t  <\/div><\/div>\n\t\t  <style>\n\t\t    .fb-background-color {\n\t\t\t\tbackground: #ffffff !important;\n\t\t\t}\n\t\t\t.fb_iframe_widget_fluid_desktop iframe {\n\t\t\t    width: 100% !important;\n\t\t\t}\n\t\t  <\/style>\n\t\t  ","protected":false},"excerpt":{"rendered":"<p>M\u00e1s de 400 viedmenses recibieron sus certificados de finalizaci\u00f3n de talleres, en el marco de las capacitaciones de formaci\u00f3n que lleva adelante el gobierno de Viedma a trav\u00e9s de la secretar\u00eda de Desarrollo e Integraci\u00f3n Social. Se trata de los programas \u201cManos que Trabajan\u201d, \u201cPunto Digital\u201d e \u201cIntegrarte\u201d, que forman parte de los ejes centrales [&hellip;]<\/p>\n","protected":false},"author":4,"featured_media":22774,"comment_status":"closed","ping_status":"closed","sticky":false,"template":"","format":"standard","meta":{"_joinchat":[],"footnotes":""},"categories":[4],"tags":[],"class_list":["post-22773","post","type-post","status-publish","format-standard","has-post-thumbnail","hentry","category-politicas-publicas"],"_links":{"self":[{"href":"https:\/\/www.elpolitologoyelpolitico.com.ar\/wordpress\/wp-json\/wp\/v2\/posts\/22773","targetHints":{"allow":["GET"]}}],"collection":[{"href":"https:\/\/www.elpolitologoyelpolitico.com.ar\/wordpress\/wp-json\/wp\/v2\/posts"}],"about":[{"href":"https:\/\/www.elpolitologoyelpolitico.com.ar\/wordpress\/wp-json\/wp\/v2\/types\/post"}],"author":[{"embeddable":true,"href":"https:\/\/www.elpolitologoyelpolitico.com.ar\/wordpress\/wp-json\/wp\/v2\/users\/4"}],"replies":[{"embeddable":true,"href":"https:\/\/www.elpolitologoyelpolitico.com.ar\/wordpress\/wp-json\/wp\/v2\/comments?post=22773"}],"version-history":[{"count":0,"href":"https:\/\/www.elpolitologoyelpolitico.com.ar\/wordpress\/wp-json\/wp\/v2\/posts\/22773\/revisions"}],"wp:featuredmedia":[{"embeddable":true,"href":"https:\/\/www.elpolitologoyelpolitico.com.ar\/wordpress\/wp-json\/wp\/v2\/media\/22774"}],"wp:attachment":[{"href":"https:\/\/www.elpolitologoyelpolitico.com.ar\/wordpress\/wp-json\/wp\/v2\/media?parent=22773"}],"wp:term":[{"taxonomy":"category","embeddable":true,"href":"https:\/\/www.elpolitologoyelpolitico.com.ar\/wordpress\/wp-json\/wp\/v2\/categories?post=22773"},{"taxonomy":"post_tag","embeddable":true,"href":"https:\/\/www.elpolitologoyelpolitico.com.ar\/wordpress\/wp-json\/wp\/v2\/tags?post=22773"}],"curies":[{"name":"wp","href":"https:\/\/api.w.org\/{rel}","templated":true}]}}