{"id":22768,"date":"2022-07-30T00:37:19","date_gmt":"2022-07-30T00:37:19","guid":{"rendered":"https:\/\/www.elpolitologoyelpolitico.com.ar\/wordpress\/?p=22768"},"modified":"2022-07-30T00:38:15","modified_gmt":"2022-07-30T00:38:15","slug":"la-directora-de-la-sexta-region-del-ministerio-de-las-mujeres-visito-patagones","status":"publish","type":"post","link":"https:\/\/www.elpolitologoyelpolitico.com.ar\/wordpress\/2022\/07\/30\/la-directora-de-la-sexta-region-del-ministerio-de-las-mujeres-visito-patagones\/","title":{"rendered":"La Directora de la Sexta Regi\u00f3n del Ministerio de las Mujeres visit\u00f3 Patagones"},"content":{"rendered":"\n<p>El pasado mi\u00e9rcoles, la Directora de Ni\u00f1ez, Adolescencia, Juventud y G\u00e9nero de la Municipalidad de Patagones, Jorgelina Castronovo, recibi\u00f3 en la ciudad cabecera a la Directora de la Sexta Regi\u00f3n del Ministerio de las Mujeres Pol\u00edticas de G\u00e9nero y Diversidad Sexual de la Provincia de Buenos Aires, Silvia Zabala.<\/p>\n\n\n\n<p>El encuentro fue propicio para dialogar sobre el funcionamiento del \u00e1rea de g\u00e9nero en todo el Partido de Patagones, como as\u00ed tambi\u00e9n&nbsp; el trabajo de&nbsp; abordaje que se realiza desde el \u00e1rea para las situaciones de violencia, tanto de la oficina de g\u00e9nero como la de masculinidades.<\/p>\n\n\n\n<p>Asimismo, la funcionaria provincial puso en conocimiento a Castronovo sobre distintos programas que tienen desde el ministerio y capacitaciones que se van a dictar desde el ministerio para los trabajadores del sector.<\/p>\n\n\n\n<figure class=\"wp-block-image size-full\"><img fetchpriority=\"high\" decoding=\"async\" width=\"720\" height=\"540\" src=\"https:\/\/www.elpolitologoyelpolitico.com.ar\/wp-content\/uploads\/2022\/07\/IMG-20220729-WA0022.jpg\" alt=\"\" class=\"wp-image-22770\" srcset=\"https:\/\/www.elpolitologoyelpolitico.com.ar\/wp-content\/uploads\/2022\/07\/IMG-20220729-WA0022.jpg 720w, https:\/\/www.elpolitologoyelpolitico.com.ar\/wp-content\/uploads\/2022\/07\/IMG-20220729-WA0022-300x225.jpg 300w\" sizes=\"(max-width: 720px) 100vw, 720px\" \/><\/figure>\n<div class=\"fb-background-color\">\n\t\t\t  <div \n\t\t\t  \tclass = \"fb-comments\" \n\t\t\t  \tdata-href = \"https:\/\/www.elpolitologoyelpolitico.com.ar\/wordpress\/2022\/07\/30\/la-directora-de-la-sexta-region-del-ministerio-de-las-mujeres-visito-patagones\/\"\n\t\t\t  \tdata-numposts = \"10\"\n\t\t\t  \tdata-lazy = \"true\"\n\t\t\t\tdata-colorscheme = \"light\"\n\t\t\t\tdata-order-by = \"social\"\n\t\t\t\tdata-mobile=true>\n\t\t\t  <\/div><\/div>\n\t\t  <style>\n\t\t    .fb-background-color {\n\t\t\t\tbackground: #ffffff !important;\n\t\t\t}\n\t\t\t.fb_iframe_widget_fluid_desktop iframe {\n\t\t\t    width: 100% !important;\n\t\t\t}\n\t\t  <\/style>\n\t\t  ","protected":false},"excerpt":{"rendered":"<p>El pasado mi\u00e9rcoles, la Directora de Ni\u00f1ez, Adolescencia, Juventud y G\u00e9nero de la Municipalidad de Patagones, Jorgelina Castronovo, recibi\u00f3 en la ciudad cabecera a la Directora de la Sexta Regi\u00f3n del Ministerio de las Mujeres Pol\u00edticas de G\u00e9nero y Diversidad Sexual de la Provincia de Buenos Aires, Silvia Zabala. El encuentro fue propicio para dialogar [&hellip;]<\/p>\n","protected":false},"author":4,"featured_media":22769,"comment_status":"closed","ping_status":"closed","sticky":false,"template":"","format":"standard","meta":{"_joinchat":[],"footnotes":""},"categories":[39],"tags":[],"class_list":["post-22768","post","type-post","status-publish","format-standard","has-post-thumbnail","hentry","category-en-esta-seccion"],"_links":{"self":[{"href":"https:\/\/www.elpolitologoyelpolitico.com.ar\/wordpress\/wp-json\/wp\/v2\/posts\/22768","targetHints":{"allow":["GET"]}}],"collection":[{"href":"https:\/\/www.elpolitologoyelpolitico.com.ar\/wordpress\/wp-json\/wp\/v2\/posts"}],"about":[{"href":"https:\/\/www.elpolitologoyelpolitico.com.ar\/wordpress\/wp-json\/wp\/v2\/types\/post"}],"author":[{"embeddable":true,"href":"https:\/\/www.elpolitologoyelpolitico.com.ar\/wordpress\/wp-json\/wp\/v2\/users\/4"}],"replies":[{"embeddable":true,"href":"https:\/\/www.elpolitologoyelpolitico.com.ar\/wordpress\/wp-json\/wp\/v2\/comments?post=22768"}],"version-history":[{"count":0,"href":"https:\/\/www.elpolitologoyelpolitico.com.ar\/wordpress\/wp-json\/wp\/v2\/posts\/22768\/revisions"}],"wp:featuredmedia":[{"embeddable":true,"href":"https:\/\/www.elpolitologoyelpolitico.com.ar\/wordpress\/wp-json\/wp\/v2\/media\/22769"}],"wp:attachment":[{"href":"https:\/\/www.elpolitologoyelpolitico.com.ar\/wordpress\/wp-json\/wp\/v2\/media?parent=22768"}],"wp:term":[{"taxonomy":"category","embeddable":true,"href":"https:\/\/www.elpolitologoyelpolitico.com.ar\/wordpress\/wp-json\/wp\/v2\/categories?post=22768"},{"taxonomy":"post_tag","embeddable":true,"href":"https:\/\/www.elpolitologoyelpolitico.com.ar\/wordpress\/wp-json\/wp\/v2\/tags?post=22768"}],"curies":[{"name":"wp","href":"https:\/\/api.w.org\/{rel}","templated":true}]}}