{"id":22764,"date":"2022-07-29T22:48:33","date_gmt":"2022-07-29T22:48:33","guid":{"rendered":"https:\/\/www.elpolitologoyelpolitico.com.ar\/wordpress\/?p=22764"},"modified":"2022-07-29T22:49:03","modified_gmt":"2022-07-29T22:49:03","slug":"se-reabren-las-inscripciones-para-el-curso-de-iniciacion-musical-en-el-camu","status":"publish","type":"post","link":"https:\/\/www.elpolitologoyelpolitico.com.ar\/wordpress\/2022\/07\/29\/se-reabren-las-inscripciones-para-el-curso-de-iniciacion-musical-en-el-camu\/","title":{"rendered":"Se reabren las inscripciones para el curso de Iniciaci\u00f3n Musical en el CAMU"},"content":{"rendered":"\n<p>Abrimos inscripciones para Iniciaci\u00f3n Musical, destinada a ni\u00f1os y ni\u00f1as que est\u00e9n cursando 5to, 6to y 7mo grado de la escuela primaria. Se trata de un curso de formaci\u00f3n gratuito y presencial.<\/p>\n\n\n\n<p>Las inscripciones se realizan por el formulario on line <a href=\"https:\/\/bit.ly\/3zGMIQW\">https:\/\/bit.ly\/3zGMIQW<\/a> Tambi\u00e9n se pueden acercar al CAMU, de lunes a viernes de 8 a 19 h, Azucena Mazani 43, Barrio Lavalle.<\/p>\n\n\n\n<p>El Inicio de clases es el martes 2 de agosto.<\/p>\n\n\n\n<p>Cabe destacar que en el a\u00f1o 2020, el gobierno de Viedma reactiv\u00f3 el convenio firmado entre la Provincia de R\u00edo Negro, el Instituto Universitario Patag\u00f3nico de Arte -IUPA- y Comisionados de Fomento para sumar capital educativo a nuestra ciudad y El C\u00f3ndor.<\/p>\n\n\n\n<p>Se trata de talleres culturales de la Escuela de Arte Popular, certificados por el IUPA, que es una instituci\u00f3n universitaria p\u00fablica provincial con gran reconocimiento a nivel nacional e internacional como centro formador en distintas disciplinas del arte.<\/p>\n\n\n\n<p>Desde su sede, en General Roca, se proyecta hacia distintas localidades para propiciar el acceso de ni\u00f1os, j\u00f3venes y adultos a una formaci\u00f3n art\u00edstica de alto nivel.<\/p>\n<div class=\"fb-background-color\">\n\t\t\t  <div \n\t\t\t  \tclass = \"fb-comments\" \n\t\t\t  \tdata-href = \"https:\/\/www.elpolitologoyelpolitico.com.ar\/wordpress\/2022\/07\/29\/se-reabren-las-inscripciones-para-el-curso-de-iniciacion-musical-en-el-camu\/\"\n\t\t\t  \tdata-numposts = \"10\"\n\t\t\t  \tdata-lazy = \"true\"\n\t\t\t\tdata-colorscheme = \"light\"\n\t\t\t\tdata-order-by = \"social\"\n\t\t\t\tdata-mobile=true>\n\t\t\t  <\/div><\/div>\n\t\t  <style>\n\t\t    .fb-background-color {\n\t\t\t\tbackground: #ffffff !important;\n\t\t\t}\n\t\t\t.fb_iframe_widget_fluid_desktop iframe {\n\t\t\t    width: 100% !important;\n\t\t\t}\n\t\t  <\/style>\n\t\t  ","protected":false},"excerpt":{"rendered":"<p>Abrimos inscripciones para Iniciaci\u00f3n Musical, destinada a ni\u00f1os y ni\u00f1as que est\u00e9n cursando 5to, 6to y 7mo grado de la escuela primaria. Se trata de un curso de formaci\u00f3n gratuito y presencial. Las inscripciones se realizan por el formulario on line https:\/\/bit.ly\/3zGMIQW Tambi\u00e9n se pueden acercar al CAMU, de lunes a viernes de 8 a [&hellip;]<\/p>\n","protected":false},"author":4,"featured_media":22765,"comment_status":"closed","ping_status":"closed","sticky":false,"template":"","format":"standard","meta":{"_joinchat":[],"footnotes":""},"categories":[39],"tags":[],"class_list":["post-22764","post","type-post","status-publish","format-standard","has-post-thumbnail","hentry","category-en-esta-seccion"],"_links":{"self":[{"href":"https:\/\/www.elpolitologoyelpolitico.com.ar\/wordpress\/wp-json\/wp\/v2\/posts\/22764","targetHints":{"allow":["GET"]}}],"collection":[{"href":"https:\/\/www.elpolitologoyelpolitico.com.ar\/wordpress\/wp-json\/wp\/v2\/posts"}],"about":[{"href":"https:\/\/www.elpolitologoyelpolitico.com.ar\/wordpress\/wp-json\/wp\/v2\/types\/post"}],"author":[{"embeddable":true,"href":"https:\/\/www.elpolitologoyelpolitico.com.ar\/wordpress\/wp-json\/wp\/v2\/users\/4"}],"replies":[{"embeddable":true,"href":"https:\/\/www.elpolitologoyelpolitico.com.ar\/wordpress\/wp-json\/wp\/v2\/comments?post=22764"}],"version-history":[{"count":0,"href":"https:\/\/www.elpolitologoyelpolitico.com.ar\/wordpress\/wp-json\/wp\/v2\/posts\/22764\/revisions"}],"wp:featuredmedia":[{"embeddable":true,"href":"https:\/\/www.elpolitologoyelpolitico.com.ar\/wordpress\/wp-json\/wp\/v2\/media\/22765"}],"wp:attachment":[{"href":"https:\/\/www.elpolitologoyelpolitico.com.ar\/wordpress\/wp-json\/wp\/v2\/media?parent=22764"}],"wp:term":[{"taxonomy":"category","embeddable":true,"href":"https:\/\/www.elpolitologoyelpolitico.com.ar\/wordpress\/wp-json\/wp\/v2\/categories?post=22764"},{"taxonomy":"post_tag","embeddable":true,"href":"https:\/\/www.elpolitologoyelpolitico.com.ar\/wordpress\/wp-json\/wp\/v2\/tags?post=22764"}],"curies":[{"name":"wp","href":"https:\/\/api.w.org\/{rel}","templated":true}]}}