{"id":22755,"date":"2022-07-29T21:32:30","date_gmt":"2022-07-29T21:32:30","guid":{"rendered":"https:\/\/www.elpolitologoyelpolitico.com.ar\/wordpress\/?p=22755"},"modified":"2022-07-29T21:33:05","modified_gmt":"2022-07-29T21:33:05","slug":"4o-caminata-de-aventura-2022","status":"publish","type":"post","link":"https:\/\/www.elpolitologoyelpolitico.com.ar\/wordpress\/2022\/07\/29\/4o-caminata-de-aventura-2022\/","title":{"rendered":"4\u00ba CAMINATA DE AVENTURA 2022"},"content":{"rendered":"\n<p>El s\u00e1bado 20 de agosto la Direcci\u00f3n de Deportes de la Municipalidad de Patagones,&nbsp; llevara adelante la 4\u00ba CAMINATA DE AVENTURA 2022, dicha actividad tendr\u00e1 su punto de encuentro en el Club N\u00e1utico Piedrabuena de esta Ciudad, la concentraci\u00f3n ser\u00e1 a partir de las 13,45 hs y a las 14 hs se comenzar\u00e1 puntualmente con&nbsp; la caminata, que recorrer\u00e1 diferentes terrenos en inmediaciones de dicho club, para cubrir dos distancias de aproximadamente 4 y 9 kil\u00f3metros respectivamente&nbsp;<\/p>\n\n\n\n<p>Cabe destacar que todos aquellos que quieran participar, deben enviar un&nbsp; WhatApp o llamar al tel\u00e9fono 2920655975 o personalmente en la Direcci\u00f3n de Deportes, Celedonio miguel 593, de lunes a viernes de 07,30 a 12,30 horas, para dejar&nbsp; sus datos personales (nombre y apellido, fecha de nacimiento y n\u00famero de documento, telefono de contacto y distancia a caminar), para&nbsp; darlos de alta en el seguro correspondiente.<\/p>\n\n\n\n<p>Las inscripciones son a partir del 08 y hasta el 19 de agosto de 2022<\/p>\n<div class=\"fb-background-color\">\n\t\t\t  <div \n\t\t\t  \tclass = \"fb-comments\" \n\t\t\t  \tdata-href = \"https:\/\/www.elpolitologoyelpolitico.com.ar\/wordpress\/2022\/07\/29\/4o-caminata-de-aventura-2022\/\"\n\t\t\t  \tdata-numposts = \"10\"\n\t\t\t  \tdata-lazy = \"true\"\n\t\t\t\tdata-colorscheme = \"light\"\n\t\t\t\tdata-order-by = \"social\"\n\t\t\t\tdata-mobile=true>\n\t\t\t  <\/div><\/div>\n\t\t  <style>\n\t\t    .fb-background-color {\n\t\t\t\tbackground: #ffffff !important;\n\t\t\t}\n\t\t\t.fb_iframe_widget_fluid_desktop iframe {\n\t\t\t    width: 100% !important;\n\t\t\t}\n\t\t  <\/style>\n\t\t  ","protected":false},"excerpt":{"rendered":"<p>El s\u00e1bado 20 de agosto la Direcci\u00f3n de Deportes de la Municipalidad de Patagones,&nbsp; llevara adelante la 4\u00ba CAMINATA DE AVENTURA 2022, dicha actividad tendr\u00e1 su punto de encuentro en el Club N\u00e1utico Piedrabuena de esta Ciudad, la concentraci\u00f3n ser\u00e1 a partir de las 13,45 hs y a las 14 hs se comenzar\u00e1 puntualmente con&nbsp; [&hellip;]<\/p>\n","protected":false},"author":4,"featured_media":22756,"comment_status":"closed","ping_status":"closed","sticky":false,"template":"","format":"standard","meta":{"_joinchat":[],"footnotes":""},"categories":[39],"tags":[],"class_list":["post-22755","post","type-post","status-publish","format-standard","has-post-thumbnail","hentry","category-en-esta-seccion"],"_links":{"self":[{"href":"https:\/\/www.elpolitologoyelpolitico.com.ar\/wordpress\/wp-json\/wp\/v2\/posts\/22755","targetHints":{"allow":["GET"]}}],"collection":[{"href":"https:\/\/www.elpolitologoyelpolitico.com.ar\/wordpress\/wp-json\/wp\/v2\/posts"}],"about":[{"href":"https:\/\/www.elpolitologoyelpolitico.com.ar\/wordpress\/wp-json\/wp\/v2\/types\/post"}],"author":[{"embeddable":true,"href":"https:\/\/www.elpolitologoyelpolitico.com.ar\/wordpress\/wp-json\/wp\/v2\/users\/4"}],"replies":[{"embeddable":true,"href":"https:\/\/www.elpolitologoyelpolitico.com.ar\/wordpress\/wp-json\/wp\/v2\/comments?post=22755"}],"version-history":[{"count":0,"href":"https:\/\/www.elpolitologoyelpolitico.com.ar\/wordpress\/wp-json\/wp\/v2\/posts\/22755\/revisions"}],"wp:featuredmedia":[{"embeddable":true,"href":"https:\/\/www.elpolitologoyelpolitico.com.ar\/wordpress\/wp-json\/wp\/v2\/media\/22756"}],"wp:attachment":[{"href":"https:\/\/www.elpolitologoyelpolitico.com.ar\/wordpress\/wp-json\/wp\/v2\/media?parent=22755"}],"wp:term":[{"taxonomy":"category","embeddable":true,"href":"https:\/\/www.elpolitologoyelpolitico.com.ar\/wordpress\/wp-json\/wp\/v2\/categories?post=22755"},{"taxonomy":"post_tag","embeddable":true,"href":"https:\/\/www.elpolitologoyelpolitico.com.ar\/wordpress\/wp-json\/wp\/v2\/tags?post=22755"}],"curies":[{"name":"wp","href":"https:\/\/api.w.org\/{rel}","templated":true}]}}