{"id":22747,"date":"2022-07-29T02:26:30","date_gmt":"2022-07-29T02:26:30","guid":{"rendered":"https:\/\/www.elpolitologoyelpolitico.com.ar\/wordpress\/?p=22747"},"modified":"2022-07-29T02:27:17","modified_gmt":"2022-07-29T02:27:17","slug":"carreras-presento-el-programa-mas-deporte-2022-en-bariloche","status":"publish","type":"post","link":"https:\/\/www.elpolitologoyelpolitico.com.ar\/wordpress\/2022\/07\/29\/carreras-presento-el-programa-mas-deporte-2022-en-bariloche\/","title":{"rendered":"Carreras present\u00f3 el programa M\u00e1s Deporte 2022 en Bariloche"},"content":{"rendered":"\n<p>La Gobernadora, Arabela Carreras, encabez\u00f3 hoy en Bariloche la presentaci\u00f3n del programa provincial M\u00e1s Deporte 2022, que busca acompa\u00f1ar y fortalecer a las instituciones deportivas y atletas rionegrinos a trav\u00e9s de aportes econ\u00f3micos. El mismo relanzamiento se realiz\u00f3 d\u00edas atr\u00e1s en Viedma.<\/p>\n\n\n\n<p>El plan M\u00e1s Deporte 2022 es una actualizaci\u00f3n del programa lanzado a mediados de 2020 para apoyar a las instituciones y deportistas a atravesar la pandemia. Este a\u00f1o tendr\u00e1 una inversi\u00f3n de m\u00e1s de $30.000.000 para el fortalecimiento de clubes y asociaciones.<\/p>\n\n\n\n<p>Carreras agradeci\u00f3 el esfuerzo y compromiso de las instituciones y remarc\u00f3 los alcances que tiene el programa: \u201cEl deporte es contacto, es vida en comunidad, es compartir, es juego en equipo, es aprender a proyectarse en conjunto. Este programa ha demostrado su efectividad\u201d, afirm\u00f3.<\/p>\n\n\n\n<figure class=\"wp-block-gallery has-nested-images columns-default is-cropped wp-block-gallery-1 is-layout-flex wp-block-gallery-is-layout-flex\">\n<figure class=\"wp-block-image size-large\"><img fetchpriority=\"high\" decoding=\"async\" width=\"720\" height=\"561\" data-id=\"22750\" src=\"https:\/\/www.elpolitologoyelpolitico.com.ar\/wp-content\/uploads\/2022\/07\/IMG-20220728-WA0030-1.jpg\" alt=\"\" class=\"wp-image-22750\" srcset=\"https:\/\/www.elpolitologoyelpolitico.com.ar\/wp-content\/uploads\/2022\/07\/IMG-20220728-WA0030-1.jpg 720w, https:\/\/www.elpolitologoyelpolitico.com.ar\/wp-content\/uploads\/2022\/07\/IMG-20220728-WA0030-1-300x234.jpg 300w\" sizes=\"(max-width: 720px) 100vw, 720px\" \/><\/figure>\n\n\n\n<figure class=\"wp-block-image size-large\"><img decoding=\"async\" width=\"720\" height=\"561\" data-id=\"22751\" src=\"https:\/\/www.elpolitologoyelpolitico.com.ar\/wp-content\/uploads\/2022\/07\/IMG-20220728-WA0031.jpg\" alt=\"\" class=\"wp-image-22751\" srcset=\"https:\/\/www.elpolitologoyelpolitico.com.ar\/wp-content\/uploads\/2022\/07\/IMG-20220728-WA0031.jpg 720w, https:\/\/www.elpolitologoyelpolitico.com.ar\/wp-content\/uploads\/2022\/07\/IMG-20220728-WA0031-300x234.jpg 300w\" sizes=\"(max-width: 720px) 100vw, 720px\" \/><\/figure>\n<\/figure>\n\n\n\n<p>En este sentido, destac\u00f3 la pol\u00edtica que lleva adelante el Gobierno Provincial en materia de regularizaci\u00f3n de instituciones: \u201cEs fundamental el acompa\u00f1amiento, ya que son recursos de todos los rionegrinos y hay que darles transparencia\u201d.<\/p>\n\n\n\n<p>La ministra de Turismo y Deporte, Martha V\u00e9lez, resalt\u00f3 la decisi\u00f3n pol\u00edtica de la Gobernadora que \u201csigue apostando y acompa\u00f1ando a las instituciones a trav\u00e9s de un servicio social, de contenci\u00f3n y de formaci\u00f3n, que prioriza el bienestar y la salud de las personas por medio de las actividades deportivas\u201d.<\/p>\n\n\n\n<p>Finalmente, el secretario de Deporte, Diego Rosati, enfatiz\u00f3 que ante la necesidad de fortalecer a las federaciones y asociaciones, este a\u00f1o se dispuso ampliar el destino de los fondos para la compra de elementos deportivos e indumentaria, que en principio eran rubros que no estaban contemplados.<\/p>\n\n\n\n<p>Uno de los cambios m\u00e1s importantes de la versi\u00f3n actual del programa provincial es el incremento del cupo de instituciones beneficiarias: ser\u00e1n 300 los clubes y asociaciones que recibir\u00e1n aportes de $100.000 o $50.000 de acuerdo a sus caracter\u00edsticas.<\/p>\n\n\n\n<p>Los aportes est\u00e1n pensados para utilizarse en el pago de salarios, impuestos y servicios, as\u00ed como la compra de elementos deportivos o indumentaria, mientras que su uso en inversiones o mejoramiento de infraestructura estar\u00e1 prohibido. Aquellos interesados en inscribirse para recibir los beneficios de m\u00e1s deporte 2022 podr\u00e1n hacerlo en el siguiente link: https:\/\/bit.ly\/3plnpkp.<\/p>\n\n\n\n<figure class=\"wp-block-image size-full\"><img decoding=\"async\" width=\"720\" height=\"561\" src=\"https:\/\/www.elpolitologoyelpolitico.com.ar\/wp-content\/uploads\/2022\/07\/IMG-20220728-WA0032.jpg\" alt=\"\" class=\"wp-image-22752\" srcset=\"https:\/\/www.elpolitologoyelpolitico.com.ar\/wp-content\/uploads\/2022\/07\/IMG-20220728-WA0032.jpg 720w, https:\/\/www.elpolitologoyelpolitico.com.ar\/wp-content\/uploads\/2022\/07\/IMG-20220728-WA0032-300x234.jpg 300w\" sizes=\"(max-width: 720px) 100vw, 720px\" \/><\/figure>\n\n\n\n<p><strong>M\u00e1s apoyo a instituciones<\/strong><\/p>\n\n\n\n<p>Durante el acto, se entregaron aportes a distintas instituciones. Una de ellas fue la Fundaci\u00f3n San Jos\u00e9 Obrero para comprar elementos e indumentaria deportiva de taekwondo. Tambi\u00e9n recibi\u00f3 una ayuda el club La Giralda para continuar desarrollando actividades deportivas, culturales y de inter\u00e9s general.<\/p>\n\n\n\n<p>Adem\u00e1s, se adjudicaron elementos deportivos a la Liga de F\u00fatbol de Bariloche.<\/p>\n\n\n\n<p>Acompa\u00f1aron el lanzamiento la intendenta de Dina Huapi, M\u00f3nica Balseiro; el subsecretario de Deportes de Bariloche, Carlos Arrative;\u00a0 el secretario de Desarrollo Humano, Juan Pablo Ferrari; el legislador Juan Pablo Muena y las legisladoras Graciela Vivanco y Roxana Fern\u00e1ndez; entre otras autoridades provinciales y municipales.<\/p>\n<div class=\"fb-background-color\">\n\t\t\t  <div \n\t\t\t  \tclass = \"fb-comments\" \n\t\t\t  \tdata-href = \"https:\/\/www.elpolitologoyelpolitico.com.ar\/wordpress\/2022\/07\/29\/carreras-presento-el-programa-mas-deporte-2022-en-bariloche\/\"\n\t\t\t  \tdata-numposts = \"10\"\n\t\t\t  \tdata-lazy = \"true\"\n\t\t\t\tdata-colorscheme = \"light\"\n\t\t\t\tdata-order-by = \"social\"\n\t\t\t\tdata-mobile=true>\n\t\t\t  <\/div><\/div>\n\t\t  <style>\n\t\t    .fb-background-color {\n\t\t\t\tbackground: #ffffff !important;\n\t\t\t}\n\t\t\t.fb_iframe_widget_fluid_desktop iframe {\n\t\t\t    width: 100% !important;\n\t\t\t}\n\t\t  <\/style>\n\t\t  ","protected":false},"excerpt":{"rendered":"<p>La Gobernadora, Arabela Carreras, encabez\u00f3 hoy en Bariloche la presentaci\u00f3n del programa provincial M\u00e1s Deporte 2022, que busca acompa\u00f1ar y fortalecer a las instituciones deportivas y atletas rionegrinos a trav\u00e9s de aportes econ\u00f3micos. El mismo relanzamiento se realiz\u00f3 d\u00edas atr\u00e1s en Viedma. El plan M\u00e1s Deporte 2022 es una actualizaci\u00f3n del programa lanzado a mediados [&hellip;]<\/p>\n","protected":false},"author":4,"featured_media":22748,"comment_status":"closed","ping_status":"closed","sticky":false,"template":"","format":"standard","meta":{"_joinchat":[],"footnotes":""},"categories":[4],"tags":[],"class_list":["post-22747","post","type-post","status-publish","format-standard","has-post-thumbnail","hentry","category-politicas-publicas"],"_links":{"self":[{"href":"https:\/\/www.elpolitologoyelpolitico.com.ar\/wordpress\/wp-json\/wp\/v2\/posts\/22747","targetHints":{"allow":["GET"]}}],"collection":[{"href":"https:\/\/www.elpolitologoyelpolitico.com.ar\/wordpress\/wp-json\/wp\/v2\/posts"}],"about":[{"href":"https:\/\/www.elpolitologoyelpolitico.com.ar\/wordpress\/wp-json\/wp\/v2\/types\/post"}],"author":[{"embeddable":true,"href":"https:\/\/www.elpolitologoyelpolitico.com.ar\/wordpress\/wp-json\/wp\/v2\/users\/4"}],"replies":[{"embeddable":true,"href":"https:\/\/www.elpolitologoyelpolitico.com.ar\/wordpress\/wp-json\/wp\/v2\/comments?post=22747"}],"version-history":[{"count":0,"href":"https:\/\/www.elpolitologoyelpolitico.com.ar\/wordpress\/wp-json\/wp\/v2\/posts\/22747\/revisions"}],"wp:featuredmedia":[{"embeddable":true,"href":"https:\/\/www.elpolitologoyelpolitico.com.ar\/wordpress\/wp-json\/wp\/v2\/media\/22748"}],"wp:attachment":[{"href":"https:\/\/www.elpolitologoyelpolitico.com.ar\/wordpress\/wp-json\/wp\/v2\/media?parent=22747"}],"wp:term":[{"taxonomy":"category","embeddable":true,"href":"https:\/\/www.elpolitologoyelpolitico.com.ar\/wordpress\/wp-json\/wp\/v2\/categories?post=22747"},{"taxonomy":"post_tag","embeddable":true,"href":"https:\/\/www.elpolitologoyelpolitico.com.ar\/wordpress\/wp-json\/wp\/v2\/tags?post=22747"}],"curies":[{"name":"wp","href":"https:\/\/api.w.org\/{rel}","templated":true}]}}