{"id":22741,"date":"2022-07-28T22:50:22","date_gmt":"2022-07-28T22:50:22","guid":{"rendered":"https:\/\/www.elpolitologoyelpolitico.com.ar\/wordpress\/?p=22741"},"modified":"2022-07-28T22:53:25","modified_gmt":"2022-07-28T22:53:25","slug":"senaf-mas-de-mil-ninos-ninas-y-adolescentes-disfrutaron-de-las-vacaciones-de-invierno","status":"publish","type":"post","link":"https:\/\/www.elpolitologoyelpolitico.com.ar\/wordpress\/2022\/07\/28\/senaf-mas-de-mil-ninos-ninas-y-adolescentes-disfrutaron-de-las-vacaciones-de-invierno\/","title":{"rendered":"SENAF: m\u00e1s de mil ni\u00f1os, ni\u00f1as y adolescentes disfrutaron de las vacaciones de invierno"},"content":{"rendered":"\n<p>A trav\u00e9s de los Programas Preventivos Promocionales y Promotores Juveniles, la Secretaria de Estado de Ni\u00f1ez, Adolescencia y Familia, coordin\u00f3 diferentes actividades para m\u00e1s de mil ni\u00f1os, ni\u00f1as y adolescentes durante el receso invernal.<\/p>\n\n\n\n<p>Viajes, visita a museos, m\u00fasica, deporte, realizaci\u00f3n de murales, juegos recreativos, propuestas culturales, manualidades y talleres de reciclaje, fueron algunas de las propuestas que se llevaron a cabo.<\/p>\n\n\n\n<p>El objetivo fue generar espacios recreativos durante el periodo de receso escolar, para fortalecer lazos afectivos, propiciar el encuentro y compartir experiencias, vivencias&nbsp; as\u00ed como tambi\u00e9n disfrutar de paisajes naturales de nuestra provincia.<\/p>\n\n\n\n<p>Los Programas Preventivos Promocionales, \u201cECOS y Hueche\u201d son espacios que tiene como premisa el abordaje comunitario con el fin de promover la organizaci\u00f3n de la comunidad, incluyendo a todos los actores sociales que la integran, mediante el trabajo en territorio con espacios que promuevan la articulaci\u00f3n interinstitucional e interministerial.<\/p>\n\n\n\n<p>Se busca garantizar el ejercicio de los derechos de ni\u00f1as, ni\u00f1os y adolescentes en el contexto social y comunitario a trav\u00e9s de acciones centradas en la prevenci\u00f3n, promoci\u00f3n y restituci\u00f3n de derechos.<\/p>\n\n\n\n<p>Actualmente existen 27 dispositivos distribuidos en diferentes localidades y barrios de la provincia.<\/p>\n\n\n\n<p><strong><em>DETALLE DE DISPOSITIVOS TERRITORIALES POR LOCALIDAD<\/em><\/strong><\/p>\n\n\n\n<p>&nbsp;<strong>Valle Inferior<\/strong><\/p>\n\n\n\n<p>&nbsp;Viedma Ecos Ceferino<\/p>\n\n\n\n<p>&nbsp;Viedma Ecos Alma Fuerte<\/p>\n\n\n\n<p>&nbsp;Viedma Ecos Casita de Nehuen<\/p>\n\n\n\n<p>&nbsp;Viedma Ecos Galp\u00f3n Amarill<\/p>\n\n\n\n<p>&nbsp;Viedma Hueche Manijiarte<\/p>\n\n\n\n<p>&nbsp;Viedma Hueche La Viruta<\/p>\n\n\n\n<p>&nbsp;Viedma Hueche El C\u00f3ndor<\/p>\n\n\n\n<p>&nbsp;Viedma Sonoridad Andina<\/p>\n\n\n\n<p>&nbsp;Conesa ECOS Hueche<\/p>\n\n\n\n<p><strong>Valle Medio<\/strong><\/p>\n\n\n\n<p>Lamarque ECOS Lamarque<\/p>\n\n\n\n<p>Rio Colorado Ecos<\/p>\n\n\n\n<p>Rio Colorado Hueche<\/p>\n\n\n\n<p><strong>Alto Valle<\/strong><\/p>\n\n\n\n<p>Ingeniero Huergo Ecos<\/p>\n\n\n\n<p>Gral. Roca Ecos<\/p>\n\n\n\n<p>Gral. Roca Hueche<\/p>\n\n\n\n<p>Cipolletti Ecos<\/p>\n\n\n\n<p>Catriel Ecos<\/p>\n\n\n\n<p><strong>Andina<\/strong><\/p>\n\n\n\n<p>Bariloche Ecos Hueche<\/p>\n\n\n\n<p>El Bols\u00f3n Hueche<\/p>\n\n\n\n<p><strong>Regi\u00f3n Sur<\/strong><\/p>\n\n\n\n<p>Jacobacci Ecos<\/p>\n\n\n\n<p>Los Menucos Hueche<\/p>\n\n\n\n<p>Sierra Colorada Hueche<\/p>\n\n\n\n<p>Ramos Mexia Hueche<\/p>\n\n\n\n<p><strong>Atl\u00e1ntica<\/strong><\/p>\n\n\n\n<p>San Antonio Oeste Ecos<\/p>\n\n\n\n<p>Promotores Juveniles<\/p>\n\n\n\n<p>Villa Regina \/Chichinales&nbsp;<\/p>\n\n\n\n<p>Allen Promotores Juveniles<\/p>\n\n\n\n<p>Fern\u00e1ndez Oro CAD RAYITO DE ORO y Promotores Juveniles <\/p>\n\n\n\n<figure class=\"wp-block-gallery has-nested-images columns-default is-cropped wp-block-gallery-1 is-layout-flex wp-block-gallery-is-layout-flex\">\n<figure class=\"wp-block-image size-large\"><img fetchpriority=\"high\" decoding=\"async\" width=\"1024\" height=\"584\" data-id=\"22743\" src=\"https:\/\/www.elpolitologoyelpolitico.com.ar\/wp-content\/uploads\/2022\/07\/IMG-20220728-WA0010-1024x584.jpg\" alt=\"\" class=\"wp-image-22743\" srcset=\"https:\/\/www.elpolitologoyelpolitico.com.ar\/wp-content\/uploads\/2022\/07\/IMG-20220728-WA0010-1024x584.jpg 1024w, https:\/\/www.elpolitologoyelpolitico.com.ar\/wp-content\/uploads\/2022\/07\/IMG-20220728-WA0010-300x171.jpg 300w, https:\/\/www.elpolitologoyelpolitico.com.ar\/wp-content\/uploads\/2022\/07\/IMG-20220728-WA0010-768x438.jpg 768w, https:\/\/www.elpolitologoyelpolitico.com.ar\/wp-content\/uploads\/2022\/07\/IMG-20220728-WA0010.jpg 1280w\" sizes=\"(max-width: 1024px) 100vw, 1024px\" \/><\/figure>\n\n\n\n<figure class=\"wp-block-image size-large\"><img decoding=\"async\" width=\"1024\" height=\"698\" data-id=\"22744\" src=\"https:\/\/www.elpolitologoyelpolitico.com.ar\/wp-content\/uploads\/2022\/07\/IMG-20220728-WA0011-1024x698.jpg\" alt=\"\" class=\"wp-image-22744\" srcset=\"https:\/\/www.elpolitologoyelpolitico.com.ar\/wp-content\/uploads\/2022\/07\/IMG-20220728-WA0011-1024x698.jpg 1024w, https:\/\/www.elpolitologoyelpolitico.com.ar\/wp-content\/uploads\/2022\/07\/IMG-20220728-WA0011-300x204.jpg 300w, https:\/\/www.elpolitologoyelpolitico.com.ar\/wp-content\/uploads\/2022\/07\/IMG-20220728-WA0011-768x523.jpg 768w, https:\/\/www.elpolitologoyelpolitico.com.ar\/wp-content\/uploads\/2022\/07\/IMG-20220728-WA0011.jpg 1280w\" sizes=\"(max-width: 1024px) 100vw, 1024px\" \/><\/figure>\n<\/figure>\n<div class=\"fb-background-color\">\n\t\t\t  <div \n\t\t\t  \tclass = \"fb-comments\" \n\t\t\t  \tdata-href = \"https:\/\/www.elpolitologoyelpolitico.com.ar\/wordpress\/2022\/07\/28\/senaf-mas-de-mil-ninos-ninas-y-adolescentes-disfrutaron-de-las-vacaciones-de-invierno\/\"\n\t\t\t  \tdata-numposts = \"10\"\n\t\t\t  \tdata-lazy = \"true\"\n\t\t\t\tdata-colorscheme = \"light\"\n\t\t\t\tdata-order-by = \"social\"\n\t\t\t\tdata-mobile=true>\n\t\t\t  <\/div><\/div>\n\t\t  <style>\n\t\t    .fb-background-color {\n\t\t\t\tbackground: #ffffff !important;\n\t\t\t}\n\t\t\t.fb_iframe_widget_fluid_desktop iframe {\n\t\t\t    width: 100% !important;\n\t\t\t}\n\t\t  <\/style>\n\t\t  ","protected":false},"excerpt":{"rendered":"<p>A trav\u00e9s de los Programas Preventivos Promocionales y Promotores Juveniles, la Secretaria de Estado de Ni\u00f1ez, Adolescencia y Familia, coordin\u00f3 diferentes actividades para m\u00e1s de mil ni\u00f1os, ni\u00f1as y adolescentes durante el receso invernal. Viajes, visita a museos, m\u00fasica, deporte, realizaci\u00f3n de murales, juegos recreativos, propuestas culturales, manualidades y talleres de reciclaje, fueron algunas de [&hellip;]<\/p>\n","protected":false},"author":4,"featured_media":22742,"comment_status":"closed","ping_status":"closed","sticky":false,"template":"","format":"standard","meta":{"_joinchat":[],"footnotes":""},"categories":[39],"tags":[],"class_list":["post-22741","post","type-post","status-publish","format-standard","has-post-thumbnail","hentry","category-en-esta-seccion"],"_links":{"self":[{"href":"https:\/\/www.elpolitologoyelpolitico.com.ar\/wordpress\/wp-json\/wp\/v2\/posts\/22741","targetHints":{"allow":["GET"]}}],"collection":[{"href":"https:\/\/www.elpolitologoyelpolitico.com.ar\/wordpress\/wp-json\/wp\/v2\/posts"}],"about":[{"href":"https:\/\/www.elpolitologoyelpolitico.com.ar\/wordpress\/wp-json\/wp\/v2\/types\/post"}],"author":[{"embeddable":true,"href":"https:\/\/www.elpolitologoyelpolitico.com.ar\/wordpress\/wp-json\/wp\/v2\/users\/4"}],"replies":[{"embeddable":true,"href":"https:\/\/www.elpolitologoyelpolitico.com.ar\/wordpress\/wp-json\/wp\/v2\/comments?post=22741"}],"version-history":[{"count":0,"href":"https:\/\/www.elpolitologoyelpolitico.com.ar\/wordpress\/wp-json\/wp\/v2\/posts\/22741\/revisions"}],"wp:featuredmedia":[{"embeddable":true,"href":"https:\/\/www.elpolitologoyelpolitico.com.ar\/wordpress\/wp-json\/wp\/v2\/media\/22742"}],"wp:attachment":[{"href":"https:\/\/www.elpolitologoyelpolitico.com.ar\/wordpress\/wp-json\/wp\/v2\/media?parent=22741"}],"wp:term":[{"taxonomy":"category","embeddable":true,"href":"https:\/\/www.elpolitologoyelpolitico.com.ar\/wordpress\/wp-json\/wp\/v2\/categories?post=22741"},{"taxonomy":"post_tag","embeddable":true,"href":"https:\/\/www.elpolitologoyelpolitico.com.ar\/wordpress\/wp-json\/wp\/v2\/tags?post=22741"}],"curies":[{"name":"wp","href":"https:\/\/api.w.org\/{rel}","templated":true}]}}