{"id":22736,"date":"2022-07-28T21:13:33","date_gmt":"2022-07-28T21:13:33","guid":{"rendered":"https:\/\/www.elpolitologoyelpolitico.com.ar\/wordpress\/?p=22736"},"modified":"2022-07-28T21:14:03","modified_gmt":"2022-07-28T21:14:03","slug":"luz-verde-para-el-nuevo-albergue-deportivo-municipal","status":"publish","type":"post","link":"https:\/\/www.elpolitologoyelpolitico.com.ar\/wordpress\/2022\/07\/28\/luz-verde-para-el-nuevo-albergue-deportivo-municipal\/","title":{"rendered":"Luz verde para el nuevo albergue deportivo municipal"},"content":{"rendered":"\n<p>El gobierno de Viedma ya cuenta con fondos para la obra de conversi\u00f3n del edificio de la Escuela Municipal de Canotaje en Albergue Deportivo Municipal con guarder\u00eda n\u00e1utica.<\/p>\n\n\n\n<p>D\u00edas atr\u00e1s se hizo efectivo el dep\u00f3sito por parte del gobierno nacional de casi 32 millones de pesos para la obra. El objetivo es avanzar r\u00e1pidamente en los procedimientos administrativos y licitatorios para iniciar los trabajos antes de fin de a\u00f1o, aunque en parte depender\u00e1 de la coyuntura econ\u00f3mica de p\u00fablico conocimiento.<\/p>\n\n\n\n<p>El intendente Pedro Pesatti celebr\u00f3 que se haya dado un paso m\u00e1s para una obra \u201cque tenemos planificada desde el inicio mismo de nuestro gobierno\u201d y que fuera gestionada ante el ministerio de Turismo y Deporte de la Naci\u00f3n.<\/p>\n\n\n\n<p>\u201cSiempre hemos encontrado la mejor predisposici\u00f3n en el ministro Mat\u00edas Lammens y su equipo de colaboradores en la cartera de Deportes para poder concretar acciones y en este caso obras\u201d, dijo el jefe comunal. Entre otros programas y varios aportes de elementos deportivos, el ministerio y la municipalidad trabajan en forma conjunta en programas como Clubes de Barrio, Regularizaci\u00f3n a trav\u00e9s del Fortalecimiento Institucional y Clubes en Obras.<\/p>\n\n\n\n<p>La obra del albergue contempla la refuncionalizaci\u00f3n del edificio ubicado en la intersecci\u00f3n de costanera y la calle que se denominar\u00e1 Paseo de los Ol\u00edmpicos. Podr\u00e1 hospedar a 40 personas y tendr\u00e1 sanitarios, vestuarios, cocina y un amplio comedor. Adem\u00e1s, se continuar\u00e1 con la guarder\u00eda n\u00e1utica que se encuentra actualmente, aunque se prev\u00e9 una futura ampliaci\u00f3n de ese sector.<\/p>\n\n\n\n<p>\u00abUn albergue municipal es fundamental, es algo de lo que Viedma carece actualmente y nos vendr\u00e1 muy bien para ayudar a satisfacer la amplia demanda\u201d, dijo Pesatti. A\u00f1adi\u00f3 que \u201ceste hospedaje ubicado en un lugar estrat\u00e9gico se complementa con un campo deportivo que prev\u00e9 la pista de atletismo de primer nivel internacional, los dos gimnasios polideportivos, el Instituto de Educaci\u00f3n F\u00edsica, la pista de la Salud, las canchas municipales de f\u00fatbol, las dos canchas para deportes de arena, el campo de hockey, el play\u00f3n de b\u00e1squet y la bajada para la pr\u00e1ctica de deportes n\u00e1uticos\u201d.<\/p>\n\n\n\n<figure class=\"wp-block-image size-full\"><img fetchpriority=\"high\" decoding=\"async\" width=\"720\" height=\"405\" src=\"https:\/\/www.elpolitologoyelpolitico.com.ar\/wp-content\/uploads\/2022\/07\/IMG-20220728-WA0008.jpg\" alt=\"\" class=\"wp-image-22738\" srcset=\"https:\/\/www.elpolitologoyelpolitico.com.ar\/wp-content\/uploads\/2022\/07\/IMG-20220728-WA0008.jpg 720w, https:\/\/www.elpolitologoyelpolitico.com.ar\/wp-content\/uploads\/2022\/07\/IMG-20220728-WA0008-300x169.jpg 300w\" sizes=\"(max-width: 720px) 100vw, 720px\" \/><\/figure>\n<div class=\"fb-background-color\">\n\t\t\t  <div \n\t\t\t  \tclass = \"fb-comments\" \n\t\t\t  \tdata-href = \"https:\/\/www.elpolitologoyelpolitico.com.ar\/wordpress\/2022\/07\/28\/luz-verde-para-el-nuevo-albergue-deportivo-municipal\/\"\n\t\t\t  \tdata-numposts = \"10\"\n\t\t\t  \tdata-lazy = \"true\"\n\t\t\t\tdata-colorscheme = \"light\"\n\t\t\t\tdata-order-by = \"social\"\n\t\t\t\tdata-mobile=true>\n\t\t\t  <\/div><\/div>\n\t\t  <style>\n\t\t    .fb-background-color {\n\t\t\t\tbackground: #ffffff !important;\n\t\t\t}\n\t\t\t.fb_iframe_widget_fluid_desktop iframe {\n\t\t\t    width: 100% !important;\n\t\t\t}\n\t\t  <\/style>\n\t\t  ","protected":false},"excerpt":{"rendered":"<p>El gobierno de Viedma ya cuenta con fondos para la obra de conversi\u00f3n del edificio de la Escuela Municipal de Canotaje en Albergue Deportivo Municipal con guarder\u00eda n\u00e1utica. D\u00edas atr\u00e1s se hizo efectivo el dep\u00f3sito por parte del gobierno nacional de casi 32 millones de pesos para la obra. El objetivo es avanzar r\u00e1pidamente en [&hellip;]<\/p>\n","protected":false},"author":4,"featured_media":22737,"comment_status":"closed","ping_status":"closed","sticky":false,"template":"","format":"standard","meta":{"_joinchat":[],"footnotes":""},"categories":[4],"tags":[],"class_list":["post-22736","post","type-post","status-publish","format-standard","has-post-thumbnail","hentry","category-politicas-publicas"],"_links":{"self":[{"href":"https:\/\/www.elpolitologoyelpolitico.com.ar\/wordpress\/wp-json\/wp\/v2\/posts\/22736","targetHints":{"allow":["GET"]}}],"collection":[{"href":"https:\/\/www.elpolitologoyelpolitico.com.ar\/wordpress\/wp-json\/wp\/v2\/posts"}],"about":[{"href":"https:\/\/www.elpolitologoyelpolitico.com.ar\/wordpress\/wp-json\/wp\/v2\/types\/post"}],"author":[{"embeddable":true,"href":"https:\/\/www.elpolitologoyelpolitico.com.ar\/wordpress\/wp-json\/wp\/v2\/users\/4"}],"replies":[{"embeddable":true,"href":"https:\/\/www.elpolitologoyelpolitico.com.ar\/wordpress\/wp-json\/wp\/v2\/comments?post=22736"}],"version-history":[{"count":0,"href":"https:\/\/www.elpolitologoyelpolitico.com.ar\/wordpress\/wp-json\/wp\/v2\/posts\/22736\/revisions"}],"wp:featuredmedia":[{"embeddable":true,"href":"https:\/\/www.elpolitologoyelpolitico.com.ar\/wordpress\/wp-json\/wp\/v2\/media\/22737"}],"wp:attachment":[{"href":"https:\/\/www.elpolitologoyelpolitico.com.ar\/wordpress\/wp-json\/wp\/v2\/media?parent=22736"}],"wp:term":[{"taxonomy":"category","embeddable":true,"href":"https:\/\/www.elpolitologoyelpolitico.com.ar\/wordpress\/wp-json\/wp\/v2\/categories?post=22736"},{"taxonomy":"post_tag","embeddable":true,"href":"https:\/\/www.elpolitologoyelpolitico.com.ar\/wordpress\/wp-json\/wp\/v2\/tags?post=22736"}],"curies":[{"name":"wp","href":"https:\/\/api.w.org\/{rel}","templated":true}]}}