{"id":22728,"date":"2022-07-28T19:15:33","date_gmt":"2022-07-28T19:15:33","guid":{"rendered":"https:\/\/www.elpolitologoyelpolitico.com.ar\/wordpress\/?p=22728"},"modified":"2022-07-28T19:16:31","modified_gmt":"2022-07-28T19:16:31","slug":"suelo-urbano-una-oferta-para-dotar-de-servicios-a-232-lotes-en-san-antonio-oeste","status":"publish","type":"post","link":"https:\/\/www.elpolitologoyelpolitico.com.ar\/wordpress\/2022\/07\/28\/suelo-urbano-una-oferta-para-dotar-de-servicios-a-232-lotes-en-san-antonio-oeste\/","title":{"rendered":"Suelo Urbano: una oferta para dotar de servicios a 232 lotes en San Antonio Oeste"},"content":{"rendered":"\n<p>En el marco del programa R\u00edo Negro Suelo Urbano, se realiz\u00f3 la apertura de sobres de la licitaci\u00f3n de la obra que dotar\u00e1 de los servicios de agua potable, alumbrado p\u00fablico y electricidad a 232 lotes del barrio \u00ab115 Aniversario\u00bb de San Antonio Oeste.<\/p>\n\n\n\n<p>La \u00fanica oferta presentada, de $89.630.800, corresponde a la empresa South Mining Services.<\/p>\n\n\n\n<p>\u00abA trav\u00e9s de Suelo Urbano, desde el Gobierno provincial se sigue dando respuesta a la demanda de soluciones habitacionales. Puntualmente, en San Antonio Oeste ser\u00e1n dotados de servicios m\u00e1s de 400 lotes en distintos barrios\u00bb, dijo el secretario de Gobierno, Agust\u00edn R\u00edos.<\/p>\n\n\n\n<p>Anteriormente ya se firm\u00f3 el contrato para iniciar la obra de insfraestructura en el barrio \u00abMi Bandera\u00bb, donde 168 familias fueron beneficiadas y podr\u00e1n proyectar la construcci\u00f3n de su casa.<\/p>\n\n\n\n<p>\u00abEs un programa federal pensado por la Gobernadora Carreras, que se encuentra en distintas localidades y Comisiones de Fomento como Aguada de Guerra y el reciente anuncio de la futura implementaci\u00f3n en San Javier. No existen ciudadanos de primera y de segunda, todas y todos tienen derecho a acceder a un lote con servicios para establecerse y proyectar el futuro familiar\u00bb, destac\u00f3 R\u00edos.<\/p>\n\n\n\n<p>Cabe recordar que ya se adjudicaron 406 lotes con servicios en Viedma (134), Cipolletti (193) y Villa Regina (68), donde est\u00e1n en marcha las obras con una inversi\u00f3n provincial de $200.521.144.<\/p>\n\n\n\n<p>Adem\u00e1s, est\u00e1n pr\u00f3ximas a iniciar las obras en Valcheta, Fern\u00e1ndez Oro, San Antonio Oeste y en la Comisi\u00f3n de Fomento Aguada de Guerra, para dotar de servicios a m\u00e1s de 530 lotes.<\/p>\n\n\n\n<p>Hasta el momento, Suelo Urbano ya lleg\u00f3 a 18 localidades con m\u00e1s de 2500 lotes con servicios y con una inversi\u00f3n provincial que supera los $1000.000.000.<\/p>\n<div class=\"fb-background-color\">\n\t\t\t  <div \n\t\t\t  \tclass = \"fb-comments\" \n\t\t\t  \tdata-href = \"https:\/\/www.elpolitologoyelpolitico.com.ar\/wordpress\/2022\/07\/28\/suelo-urbano-una-oferta-para-dotar-de-servicios-a-232-lotes-en-san-antonio-oeste\/\"\n\t\t\t  \tdata-numposts = \"10\"\n\t\t\t  \tdata-lazy = \"true\"\n\t\t\t\tdata-colorscheme = \"light\"\n\t\t\t\tdata-order-by = \"social\"\n\t\t\t\tdata-mobile=true>\n\t\t\t  <\/div><\/div>\n\t\t  <style>\n\t\t    .fb-background-color {\n\t\t\t\tbackground: #ffffff !important;\n\t\t\t}\n\t\t\t.fb_iframe_widget_fluid_desktop iframe {\n\t\t\t    width: 100% !important;\n\t\t\t}\n\t\t  <\/style>\n\t\t  ","protected":false},"excerpt":{"rendered":"<p>En el marco del programa R\u00edo Negro Suelo Urbano, se realiz\u00f3 la apertura de sobres de la licitaci\u00f3n de la obra que dotar\u00e1 de los servicios de agua potable, alumbrado p\u00fablico y electricidad a 232 lotes del barrio \u00ab115 Aniversario\u00bb de San Antonio Oeste. La \u00fanica oferta presentada, de $89.630.800, corresponde a la empresa South [&hellip;]<\/p>\n","protected":false},"author":4,"featured_media":22729,"comment_status":"closed","ping_status":"closed","sticky":false,"template":"","format":"standard","meta":{"_joinchat":[],"footnotes":""},"categories":[4],"tags":[],"class_list":["post-22728","post","type-post","status-publish","format-standard","has-post-thumbnail","hentry","category-politicas-publicas"],"_links":{"self":[{"href":"https:\/\/www.elpolitologoyelpolitico.com.ar\/wordpress\/wp-json\/wp\/v2\/posts\/22728","targetHints":{"allow":["GET"]}}],"collection":[{"href":"https:\/\/www.elpolitologoyelpolitico.com.ar\/wordpress\/wp-json\/wp\/v2\/posts"}],"about":[{"href":"https:\/\/www.elpolitologoyelpolitico.com.ar\/wordpress\/wp-json\/wp\/v2\/types\/post"}],"author":[{"embeddable":true,"href":"https:\/\/www.elpolitologoyelpolitico.com.ar\/wordpress\/wp-json\/wp\/v2\/users\/4"}],"replies":[{"embeddable":true,"href":"https:\/\/www.elpolitologoyelpolitico.com.ar\/wordpress\/wp-json\/wp\/v2\/comments?post=22728"}],"version-history":[{"count":0,"href":"https:\/\/www.elpolitologoyelpolitico.com.ar\/wordpress\/wp-json\/wp\/v2\/posts\/22728\/revisions"}],"wp:featuredmedia":[{"embeddable":true,"href":"https:\/\/www.elpolitologoyelpolitico.com.ar\/wordpress\/wp-json\/wp\/v2\/media\/22729"}],"wp:attachment":[{"href":"https:\/\/www.elpolitologoyelpolitico.com.ar\/wordpress\/wp-json\/wp\/v2\/media?parent=22728"}],"wp:term":[{"taxonomy":"category","embeddable":true,"href":"https:\/\/www.elpolitologoyelpolitico.com.ar\/wordpress\/wp-json\/wp\/v2\/categories?post=22728"},{"taxonomy":"post_tag","embeddable":true,"href":"https:\/\/www.elpolitologoyelpolitico.com.ar\/wordpress\/wp-json\/wp\/v2\/tags?post=22728"}],"curies":[{"name":"wp","href":"https:\/\/api.w.org\/{rel}","templated":true}]}}